{"id":4800,"date":"2022-10-23T16:37:02","date_gmt":"2022-10-23T16:37:02","guid":{"rendered":"https:\/\/naszpowiat.info\/?p=4800"},"modified":"2022-10-23T16:57:13","modified_gmt":"2022-10-23T16:57:13","slug":"rok-marii-grzegorzewskiej-pedagogika-dobra","status":"publish","type":"post","link":"https:\/\/naszpowiat.info\/index.php\/2022\/10\/23\/rok-marii-grzegorzewskiej-pedagogika-dobra\/","title":{"rendered":"ROK MARII GRZEGORZEWSKIEJ. PEDAGOGIKA DOBRA"},"content":{"rendered":"\n<p><\/p>\n\n\n\n<p><\/p>\n\n\n\n<p><strong>W<\/strong> <strong>Powiatowej Bibliotece Publicznej im. Heleny i Stefana Nasfeter\u00f3w w Wo\u0142ominie<\/strong> <strong>przy ul. Ogrodowej 1A. w dniach 25.10. do 22.11.2022\u00a0r. zostanie zorganizowane wydarzenie pod tytu\u0142em ROK MARII GRZEGORZEWSKIEJ. PEDAGOGIKA DOBRA.<br><\/strong><\/p>\n\n\n\n<p>Rok 2022, z okazji 100. Rocznicy powstania Pa\u0144stwowego Instytutu Pedagogiki Specjalnej, obecnie Akademii Pedagogiki Specjalnej im. Marii Grzegorzewskiej w Warszawie, to Rok Marii Grzegorzewskiej za\u0142o\u017cycielki uczelni, wybitnej pedagog, uczestniczki powstania warszawskiego, pi\u0119knego Cz\u0142owieka. Jej posta\u0107 i my\u015bl, ksi\u0105\u017cki, listy i podr\u0119czniki inspirowa\u0142y wiele pokole\u0144 pedagog\u00f3w i animator\u00f3w kultury. \u017byciu Marii Grzegorzewskiej po\u015bwi\u0119cony jest interaktywny cykl edukacyjny pt. &#8222;Maria Grzegorzewska. Pedagogika dobra&#8221;, rozwijaj\u0105cego wra\u017cliwo\u015b\u0107 i umiej\u0119tno\u015bci tw\u00f3rcze dzieci i m\u0142odzie\u017cy, a przy tym inspiruj\u0105cego nauczycieli i ucz\u0105cego kreatywnych metod pracy. B\u0119dzie to tak\u017ce lekcja historii Wo\u0142omina i naszej biblioteki, kt\u00f3ra od XX-lecia, a\u017c do dzi\u015b pe\u0142ni wa\u017cn\u0105 rol\u0119 w \u017cyciu spo\u0142eczno-kulturalnym miasta \u2013 najpierw jako kino, a nast\u0119pnie przez kilkadziesi\u0105t lat jako biblioteka pedagogiczna w Wo\u0142ominie.<\/p>\n\n\n\n<p><\/p>\n\n\n\n<p>Powiatowa\u00a0Biblioteka\u00a0Publiczna\u00a0im.\u00a0Heleny\u00a0i\u00a0Stefana\u00a0Nasfeter\u00f3w<br>w\u00a0Wo\u0142ominie<\/p>\n<div class=\"naszp-po-tresci\" id=\"naszp-2074726681\"><script async src=\"\/\/pagead2.googlesyndication.com\/pagead\/js\/adsbygoogle.js?client=ca-pub-5304901113955943\" crossorigin=\"anonymous\"><\/script><ins class=\"adsbygoogle\" style=\"display:block;\" data-ad-client=\"ca-pub-5304901113955943\" \ndata-ad-slot=\"9226873542\" \ndata-ad-format=\"auto\"><\/ins>\n<script> \n(adsbygoogle = window.adsbygoogle || []).push({}); \n<\/script>\n<\/div>","protected":false},"excerpt":{"rendered":"<p>W Powiatowej Bibliotece Publicznej im. Heleny i Stefana Nasfeter\u00f3w w Wo\u0142ominie przy ul. Ogrodowej 1A. w dniach 25.10. do 22.11.2022\u00a0r. zostanie zorganizowane wydarzenie pod tytu\u0142em ROK MARII GRZEGORZEWSKIEJ. PEDAGOGIKA DOBRA. Rok 2022, z okazji 100. Rocznicy powstania Pa\u0144stwowego Instytutu Pedagogiki Specjalnej, obecnie Akademii Pedagogiki Specjalnej im. Marii Grzegorzewskiej w Warszawie,<span class=\"more-link\"><a href=\"https:\/\/naszpowiat.info\/index.php\/2022\/10\/23\/rok-marii-grzegorzewskiej-pedagogika-dobra\/\">Czytaj dalej<\/a><\/span><\/p>\n","protected":false},"author":9,"featured_media":4807,"comment_status":"open","ping_status":"open","sticky":false,"template":"","format":"standard","meta":{"_monsterinsights_skip_tracking":false,"_monsterinsights_sitenote_active":false,"_monsterinsights_sitenote_note":"","_monsterinsights_sitenote_category":0,"footnotes":""},"categories":[123,78,30,40,58,59],"tags":[124],"class_list":["entry","author-admin","post-4800","post","type-post","status-publish","format-standard","has-post-thumbnail","category-aktualnosci","category-historia","category-kultura","category-wolominski","category-wolomin-wolominski","category-wydarzenia","tag-wolomin"],"aioseo_notices":[],"_links":{"self":[{"href":"https:\/\/naszpowiat.info\/index.php\/wp-json\/wp\/v2\/posts\/4800","targetHints":{"allow":["GET"]}}],"collection":[{"href":"https:\/\/naszpowiat.info\/index.php\/wp-json\/wp\/v2\/posts"}],"about":[{"href":"https:\/\/naszpowiat.info\/index.php\/wp-json\/wp\/v2\/types\/post"}],"author":[{"embeddable":true,"href":"https:\/\/naszpowiat.info\/index.php\/wp-json\/wp\/v2\/users\/9"}],"replies":[{"embeddable":true,"href":"https:\/\/naszpowiat.info\/index.php\/wp-json\/wp\/v2\/comments?post=4800"}],"version-history":[{"count":3,"href":"https:\/\/naszpowiat.info\/index.php\/wp-json\/wp\/v2\/posts\/4800\/revisions"}],"predecessor-version":[{"id":4811,"href":"https:\/\/naszpowiat.info\/index.php\/wp-json\/wp\/v2\/posts\/4800\/revisions\/4811"}],"wp:featuredmedia":[{"embeddable":true,"href":"https:\/\/naszpowiat.info\/index.php\/wp-json\/wp\/v2\/media\/4807"}],"wp:attachment":[{"href":"https:\/\/naszpowiat.info\/index.php\/wp-json\/wp\/v2\/media?parent=4800"}],"wp:term":[{"taxonomy":"category","embeddable":true,"href":"https:\/\/naszpowiat.info\/index.php\/wp-json\/wp\/v2\/categories?post=4800"},{"taxonomy":"post_tag","embeddable":true,"href":"https:\/\/naszpowiat.info\/index.php\/wp-json\/wp\/v2\/tags?post=4800"}],"curies":[{"name":"wp","href":"https:\/\/api.w.org\/{rel}","templated":true}]}}