{"id":4766,"date":"2022-10-07T10:22:02","date_gmt":"2022-10-07T10:22:02","guid":{"rendered":"https:\/\/naszpowiat.info\/?p=4766"},"modified":"2022-10-07T10:27:44","modified_gmt":"2022-10-07T10:27:44","slug":"razem-w-pamieci-razem-w-kulturze","status":"publish","type":"post","link":"https:\/\/naszpowiat.info\/index.php\/2022\/10\/07\/razem-w-pamieci-razem-w-kulturze\/","title":{"rendered":"Razem w Pami\u0119ci, Razem w Kulturze"},"content":{"rendered":"\n<p><\/p>\n\n\n\n<p>W dniach 18-20 pa\u017adziernika w Powiatowej Bibliotece Publicznej im. Heleny i Stefana Nasfetr\u00f3w w Wo\u0142ominie, ul. Ogrodowa 1A, odb\u0119dzie si\u0119 spotkanie dotycz\u0105ce s\u0142awnych postaci zwi\u0105zanych z Powiatem Wo\u0142omi\u0144skim.<\/p>\n<div class=\"naszp-po-tresci\" id=\"naszp-2853751730\"><script async src=\"\/\/pagead2.googlesyndication.com\/pagead\/js\/adsbygoogle.js?client=ca-pub-5304901113955943\" crossorigin=\"anonymous\"><\/script><ins class=\"adsbygoogle\" style=\"display:block;\" data-ad-client=\"ca-pub-5304901113955943\" \ndata-ad-slot=\"9226873542\" \ndata-ad-format=\"auto\"><\/ins>\n<script> \n(adsbygoogle = window.adsbygoogle || []).push({}); \n<\/script>\n<\/div>","protected":false},"excerpt":{"rendered":"<p>W dniach 18-20 pa\u017adziernika w Powiatowej Bibliotece Publicznej im. Heleny i Stefana Nasfetr\u00f3w w Wo\u0142ominie, ul. Ogrodowa 1A, odb\u0119dzie si\u0119 spotkanie dotycz\u0105ce s\u0142awnych postaci zwi\u0105zanych z Powiatem Wo\u0142omi\u0144skim.<span class=\"more-link\"><a href=\"https:\/\/naszpowiat.info\/index.php\/2022\/10\/07\/razem-w-pamieci-razem-w-kulturze\/\">Czytaj dalej<\/a><\/span><\/p>\n","protected":false},"author":9,"featured_media":4769,"comment_status":"open","ping_status":"open","sticky":false,"template":"","format":"standard","meta":{"_monsterinsights_skip_tracking":false,"_monsterinsights_sitenote_active":false,"_monsterinsights_sitenote_note":"","_monsterinsights_sitenote_category":0,"footnotes":""},"categories":[123,30,40,58,59],"tags":[125,124],"class_list":["entry","author-admin","post-4766","post","type-post","status-publish","format-standard","has-post-thumbnail","category-aktualnosci","category-kultura","category-wolominski","category-wolomin-wolominski","category-wydarzenia","tag-powiat-wolominski","tag-wolomin"],"aioseo_notices":[],"_links":{"self":[{"href":"https:\/\/naszpowiat.info\/index.php\/wp-json\/wp\/v2\/posts\/4766","targetHints":{"allow":["GET"]}}],"collection":[{"href":"https:\/\/naszpowiat.info\/index.php\/wp-json\/wp\/v2\/posts"}],"about":[{"href":"https:\/\/naszpowiat.info\/index.php\/wp-json\/wp\/v2\/types\/post"}],"author":[{"embeddable":true,"href":"https:\/\/naszpowiat.info\/index.php\/wp-json\/wp\/v2\/users\/9"}],"replies":[{"embeddable":true,"href":"https:\/\/naszpowiat.info\/index.php\/wp-json\/wp\/v2\/comments?post=4766"}],"version-history":[{"count":1,"href":"https:\/\/naszpowiat.info\/index.php\/wp-json\/wp\/v2\/posts\/4766\/revisions"}],"predecessor-version":[{"id":4767,"href":"https:\/\/naszpowiat.info\/index.php\/wp-json\/wp\/v2\/posts\/4766\/revisions\/4767"}],"wp:featuredmedia":[{"embeddable":true,"href":"https:\/\/naszpowiat.info\/index.php\/wp-json\/wp\/v2\/media\/4769"}],"wp:attachment":[{"href":"https:\/\/naszpowiat.info\/index.php\/wp-json\/wp\/v2\/media?parent=4766"}],"wp:term":[{"taxonomy":"category","embeddable":true,"href":"https:\/\/naszpowiat.info\/index.php\/wp-json\/wp\/v2\/categories?post=4766"},{"taxonomy":"post_tag","embeddable":true,"href":"https:\/\/naszpowiat.info\/index.php\/wp-json\/wp\/v2\/tags?post=4766"}],"curies":[{"name":"wp","href":"https:\/\/api.w.org\/{rel}","templated":true}]}}