{"id":4746,"date":"2022-10-04T20:14:13","date_gmt":"2022-10-04T20:14:13","guid":{"rendered":"https:\/\/naszpowiat.info\/?p=4746"},"modified":"2022-10-04T20:14:24","modified_gmt":"2022-10-04T20:14:24","slug":"budowa-sciezki-pieszo-rowerowej-na-dk-50-na-odc-strachowka-lochow","status":"publish","type":"post","link":"https:\/\/naszpowiat.info\/index.php\/2022\/10\/04\/budowa-sciezki-pieszo-rowerowej-na-dk-50-na-odc-strachowka-lochow\/","title":{"rendered":"Budowa \u015bcie\u017cki pieszo-rowerowej na DK 50 na odc. Strach\u00f3wka &#8211; \u0141och\u00f3w"},"content":{"rendered":"\n<p><strong>30 wrze\u015bnia w Ministerstwie Infrastruktury podpisany zosta\u0142 Program Inwestycji umo\u017cliwiaj\u0105cy rozpocz\u0119cie prac przygotowawczych do budowy \u015bcie\u017cki pieszo-rowerowej na drodze krajowej nr 50 na odc. Strach\u00f3wka \u2013 \u0141och\u00f3w. Realizacja rob\u00f3t budowlanych planowana jest na lata 2023-2024.<\/strong><\/p>\n\n\n\n<p>W ramach inwestycji powstanie ci\u0105g pieszo-rowerowy wraz z kanalizacj\u0105 deszczow\u0105 o d\u0142ugo\u015bci prawie 12 km, przebiegaj\u0105cy przez miejscowo\u015bci: Ksi\u0119\u017cyki, Strach\u00f3wka, Jadwisin, Borki, W\u00f3jty, Myszad\u0142a, Zawiszyn i \u0141och\u00f3w. Na tym odcinku zostan\u0105 r\u00f3wnie\u017c wybudowane zatoki autobusowe umo\u017cliwiaj\u0105ce mieszka\u0144com bezpieczne korzystanie z komunikacji publicznej oraz chodnik o \u0142\u0105cznej d\u0142ugo\u015bci ponad 350 m. Zadanie obejmie ponadto zaprojektowanie i do\u015bwietlenie 22 przej\u015b\u0107 dla pieszych.<\/p>\n\n\n\n<p>&#8211; Bezpiecze\u0144stwo na drogach jest naszym priorytetem. Dlatego nie tylko realizujemy wielkie projekty, jak drogi ekspresowe i autostrady, ale r\u00f3wnie\u017c te mniejsze, poprawiaj\u0105ce poziom bezpiecze\u0144stwa tak\u017ce tych niechronionych uczestnik\u00f3w ruchu jakimi s\u0105 piesi. Dzia\u0142ania te znacz\u0105co poprawiaj\u0105 komfort \u017cycia lokalnych spo\u0142eczno\u015bci &#8211; powiedzia\u0142 wiceminister infrastruktury Rafa\u0142 Weber, kt\u00f3ry ze strony ministerstwa zatwierdzi\u0142 Plan Inwestycji.<\/p>\n\n\n\n<p>&#8211; Bardzo si\u0119 ciesz\u0119, \u017ce nasze starania w\u0142a\u015bnie si\u0119 materializuj\u0105 w konkretne dzia\u0142ania i ju\u017c niebawem mieszka\u0144cy b\u0119d\u0105 mogli bezpiecznie dotrze\u0107 do pracy, szko\u0142y, ko\u015bcio\u0142a, czy innych wa\u017cnych miejsc na mapie naszego regionu. Trzymam kciuki za sprawne przeprowadzenie inwestycji \u2013 powiedzia\u0142 starosta Adam Lubiak, kt\u00f3ry w ostatnich latach wspiera\u0142 starania gmin o realizacj\u0119 inwestycji i osobi\u015bcie zaanga\u017cowa\u0142 si\u0119 w rozmowy z Ministerstwem Infrastruktury oraz Generaln\u0105 Dyrekcj\u0105 Dr\u00f3g Krajowych i Autostrad.<\/p>\n\n\n\n<p>W spotkaniu uczestniczyli r\u00f3wnie\u017c, wiceminister infrastruktury Andrzej Bittel, radna Sejmiku Wojew\u00f3dztwa Mazowieckiego Katarzyna Lubiak, w\u00f3jt Strach\u00f3wki Piotr Orzechowski oraz burmistrz \u0141ochowa Robert Go\u0142aszewski.<\/p>\n\n\n\n<p>W ramach inwestycji przebudowane zostanie r\u00f3wnie\u017c skrzy\u017cowanie DK50 z drog\u0105 powiatow\u0105 nr 4343W w Zawiszynie. Przebudowa odcinka drogi krajowej obejmie odcinek o d\u0142ugo\u015bci przesz\u0142o 400 m i b\u0119dzie polega\u0142a na zmianie geometrii wlot\u00f3w, przebudowie zjazd\u00f3w, budowie pas\u00f3w do skr\u0119tu w lewo i poszerzeniu jezdni. Realizacja inwestycji dotycz\u0105ca budowy \u015bcie\u017cki pieszo-rowerowej na drodze krajowej nr 50 na odc. Strach\u00f3wka &#8211; \u0141och\u00f3w jest mo\u017cliwa dzi\u0119ki opracowanemu w Ministerstwie Infrastruktury <strong>Programowi Bezpiecznej Infrastruktury Drogowej 2021-2024<\/strong>. W ramach tego Programu GDDKiA sukcesywnie poprawia bezpiecze\u0144stwo u\u017cytkownik\u00f3w dr\u00f3g krajowych, a w spos\u00f3b szczeg\u00f3lny niechronionych uczestnik\u00f3w ruchu drogowego<\/p>\n<div class=\"naszp-po-tresci\" id=\"naszp-710325670\"><script async src=\"\/\/pagead2.googlesyndication.com\/pagead\/js\/adsbygoogle.js?client=ca-pub-5304901113955943\" crossorigin=\"anonymous\"><\/script><ins class=\"adsbygoogle\" style=\"display:block;\" data-ad-client=\"ca-pub-5304901113955943\" \ndata-ad-slot=\"9226873542\" \ndata-ad-format=\"auto\"><\/ins>\n<script> \n(adsbygoogle = window.adsbygoogle || []).push({}); \n<\/script>\n<\/div>","protected":false},"excerpt":{"rendered":"<p>30 wrze\u015bnia w Ministerstwie Infrastruktury podpisany zosta\u0142 Program Inwestycji umo\u017cliwiaj\u0105cy rozpocz\u0119cie prac przygotowawczych do budowy \u015bcie\u017cki pieszo-rowerowej na drodze krajowej nr 50 na odc. Strach\u00f3wka \u2013 \u0141och\u00f3w. Realizacja rob\u00f3t budowlanych planowana jest na lata 2023-2024. W ramach inwestycji powstanie ci\u0105g pieszo-rowerowy wraz z kanalizacj\u0105 deszczow\u0105 o d\u0142ugo\u015bci prawie 12 km,<span class=\"more-link\"><a href=\"https:\/\/naszpowiat.info\/index.php\/2022\/10\/04\/budowa-sciezki-pieszo-rowerowej-na-dk-50-na-odc-strachowka-lochow\/\">Czytaj dalej<\/a><\/span><\/p>\n","protected":false},"author":9,"featured_media":4747,"comment_status":"open","ping_status":"open","sticky":false,"template":"","format":"standard","meta":{"_monsterinsights_skip_tracking":false,"_monsterinsights_sitenote_active":false,"_monsterinsights_sitenote_note":"","_monsterinsights_sitenote_category":0,"footnotes":""},"categories":[123,40,31],"tags":[],"class_list":["entry","author-admin","post-4746","post","type-post","status-publish","format-standard","has-post-thumbnail","category-aktualnosci","category-wolominski","category-powiaty-mazowieckiego"],"aioseo_notices":[],"_links":{"self":[{"href":"https:\/\/naszpowiat.info\/index.php\/wp-json\/wp\/v2\/posts\/4746","targetHints":{"allow":["GET"]}}],"collection":[{"href":"https:\/\/naszpowiat.info\/index.php\/wp-json\/wp\/v2\/posts"}],"about":[{"href":"https:\/\/naszpowiat.info\/index.php\/wp-json\/wp\/v2\/types\/post"}],"author":[{"embeddable":true,"href":"https:\/\/naszpowiat.info\/index.php\/wp-json\/wp\/v2\/users\/9"}],"replies":[{"embeddable":true,"href":"https:\/\/naszpowiat.info\/index.php\/wp-json\/wp\/v2\/comments?post=4746"}],"version-history":[{"count":1,"href":"https:\/\/naszpowiat.info\/index.php\/wp-json\/wp\/v2\/posts\/4746\/revisions"}],"predecessor-version":[{"id":4748,"href":"https:\/\/naszpowiat.info\/index.php\/wp-json\/wp\/v2\/posts\/4746\/revisions\/4748"}],"wp:featuredmedia":[{"embeddable":true,"href":"https:\/\/naszpowiat.info\/index.php\/wp-json\/wp\/v2\/media\/4747"}],"wp:attachment":[{"href":"https:\/\/naszpowiat.info\/index.php\/wp-json\/wp\/v2\/media?parent=4746"}],"wp:term":[{"taxonomy":"category","embeddable":true,"href":"https:\/\/naszpowiat.info\/index.php\/wp-json\/wp\/v2\/categories?post=4746"},{"taxonomy":"post_tag","embeddable":true,"href":"https:\/\/naszpowiat.info\/index.php\/wp-json\/wp\/v2\/tags?post=4746"}],"curies":[{"name":"wp","href":"https:\/\/api.w.org\/{rel}","templated":true}]}}