{"id":4728,"date":"2022-09-24T02:42:00","date_gmt":"2022-09-24T02:42:00","guid":{"rendered":"https:\/\/naszpowiat.info\/?p=4728"},"modified":"2022-09-26T08:08:17","modified_gmt":"2022-09-26T08:08:17","slug":"swietowanie-201-rocznicy-urodzin-cypriana-norwida","status":"publish","type":"post","link":"https:\/\/naszpowiat.info\/index.php\/2022\/09\/24\/swietowanie-201-rocznicy-urodzin-cypriana-norwida\/","title":{"rendered":"\u015awi\u0119towanie 201. rocznicy urodzin Cypriana-Norwida"},"content":{"rendered":"\n<p>24 wrze\u015bnia br. w Pa\u0142acu w Chrz\u0119snem odb\u0119d\u0105 si\u0119 obchody zwi\u0105zane z\u00a0201 rocznic\u0105 urodzin Norwida. Program obejmuje m.in. premierow\u0105 projekcj\u0119 etiudy \u201eNorwid w podr\u00f3\u017cy\u201d, wyst\u0119py artystyczne oraz koncerty, w tym Aleksandry Wyl\u0119\u017cek pn. &#8222;Romantycznie&#8221;.<\/p>\n\n\n<div class=\"wp-block-image\">\n<figure class=\"aligncenter size-large\"><img loading=\"lazy\" decoding=\"async\" width=\"724\" height=\"1024\" src=\"https:\/\/naszpowiat.info\/wp-content\/uploads\/2022\/09\/Urodziny-Norwida-Chrzesne-1-724x1024.jpg\" alt=\"\" class=\"wp-image-4729\" srcset=\"https:\/\/naszpowiat.info\/wp-content\/uploads\/2022\/09\/Urodziny-Norwida-Chrzesne-1-724x1024.jpg 724w, https:\/\/naszpowiat.info\/wp-content\/uploads\/2022\/09\/Urodziny-Norwida-Chrzesne-1-212x300.jpg 212w, https:\/\/naszpowiat.info\/wp-content\/uploads\/2022\/09\/Urodziny-Norwida-Chrzesne-1-768x1086.jpg 768w, https:\/\/naszpowiat.info\/wp-content\/uploads\/2022\/09\/Urodziny-Norwida-Chrzesne-1-1086x1536.jpg 1086w, https:\/\/naszpowiat.info\/wp-content\/uploads\/2022\/09\/Urodziny-Norwida-Chrzesne-1-1448x2048.jpg 1448w, https:\/\/naszpowiat.info\/wp-content\/uploads\/2022\/09\/Urodziny-Norwida-Chrzesne-1-389x550.jpg 389w, https:\/\/naszpowiat.info\/wp-content\/uploads\/2022\/09\/Urodziny-Norwida-Chrzesne-1-354x500.jpg 354w, https:\/\/naszpowiat.info\/wp-content\/uploads\/2022\/09\/Urodziny-Norwida-Chrzesne-1.jpg 1655w\" sizes=\"auto, (max-width: 724px) 100vw, 724px\" \/><\/figure>\n<\/div><div class=\"naszp-po-tresci\" id=\"naszp-1824943308\"><script async src=\"\/\/pagead2.googlesyndication.com\/pagead\/js\/adsbygoogle.js?client=ca-pub-5304901113955943\" crossorigin=\"anonymous\"><\/script><ins class=\"adsbygoogle\" style=\"display:block;\" data-ad-client=\"ca-pub-5304901113955943\" \ndata-ad-slot=\"9226873542\" \ndata-ad-format=\"auto\"><\/ins>\n<script> \n(adsbygoogle = window.adsbygoogle || []).push({}); \n<\/script>\n<\/div>","protected":false},"excerpt":{"rendered":"<p>24 wrze\u015bnia br. w Pa\u0142acu w Chrz\u0119snem odb\u0119d\u0105 si\u0119 obchody zwi\u0105zane z\u00a0201 rocznic\u0105 urodzin Norwida. Program obejmuje m.in. premierow\u0105 projekcj\u0119 etiudy \u201eNorwid w podr\u00f3\u017cy\u201d, wyst\u0119py artystyczne oraz koncerty, w tym Aleksandry Wyl\u0119\u017cek pn. &#8222;Romantycznie&#8221;.<span class=\"more-link\"><a href=\"https:\/\/naszpowiat.info\/index.php\/2022\/09\/24\/swietowanie-201-rocznicy-urodzin-cypriana-norwida\/\">Czytaj dalej<\/a><\/span><\/p>\n","protected":false},"author":9,"featured_media":4729,"comment_status":"open","ping_status":"open","sticky":false,"template":"","format":"standard","meta":{"_monsterinsights_skip_tracking":false,"_monsterinsights_sitenote_active":false,"_monsterinsights_sitenote_note":"","_monsterinsights_sitenote_category":0,"footnotes":""},"categories":[123,30,40,31,54,59],"tags":[],"class_list":["entry","author-admin","post-4728","post","type-post","status-publish","format-standard","has-post-thumbnail","category-aktualnosci","category-kultura","category-wolominski","category-powiaty-mazowieckiego","category-tluszcz","category-wydarzenia"],"aioseo_notices":[],"_links":{"self":[{"href":"https:\/\/naszpowiat.info\/index.php\/wp-json\/wp\/v2\/posts\/4728","targetHints":{"allow":["GET"]}}],"collection":[{"href":"https:\/\/naszpowiat.info\/index.php\/wp-json\/wp\/v2\/posts"}],"about":[{"href":"https:\/\/naszpowiat.info\/index.php\/wp-json\/wp\/v2\/types\/post"}],"author":[{"embeddable":true,"href":"https:\/\/naszpowiat.info\/index.php\/wp-json\/wp\/v2\/users\/9"}],"replies":[{"embeddable":true,"href":"https:\/\/naszpowiat.info\/index.php\/wp-json\/wp\/v2\/comments?post=4728"}],"version-history":[{"count":1,"href":"https:\/\/naszpowiat.info\/index.php\/wp-json\/wp\/v2\/posts\/4728\/revisions"}],"predecessor-version":[{"id":4730,"href":"https:\/\/naszpowiat.info\/index.php\/wp-json\/wp\/v2\/posts\/4728\/revisions\/4730"}],"wp:featuredmedia":[{"embeddable":true,"href":"https:\/\/naszpowiat.info\/index.php\/wp-json\/wp\/v2\/media\/4729"}],"wp:attachment":[{"href":"https:\/\/naszpowiat.info\/index.php\/wp-json\/wp\/v2\/media?parent=4728"}],"wp:term":[{"taxonomy":"category","embeddable":true,"href":"https:\/\/naszpowiat.info\/index.php\/wp-json\/wp\/v2\/categories?post=4728"},{"taxonomy":"post_tag","embeddable":true,"href":"https:\/\/naszpowiat.info\/index.php\/wp-json\/wp\/v2\/tags?post=4728"}],"curies":[{"name":"wp","href":"https:\/\/api.w.org\/{rel}","templated":true}]}}