{"id":4578,"date":"2022-08-03T15:32:09","date_gmt":"2022-08-03T15:32:09","guid":{"rendered":"https:\/\/naszpowiat.info\/?p=4578"},"modified":"2022-08-03T15:53:31","modified_gmt":"2022-08-03T15:53:31","slug":"obchody-78-rocznicy-mordu-na-kruczku-i-zielencu","status":"publish","type":"post","link":"https:\/\/naszpowiat.info\/index.php\/2022\/08\/03\/obchody-78-rocznicy-mordu-na-kruczku-i-zielencu\/","title":{"rendered":"Obchody 78. rocznicy mordu na Kruczku i Ziele\u0144cu"},"content":{"rendered":"\n<p><strong>W<\/strong><strong>\u0142adze Zielonki i Marek zapraszaj\u0105 na coroczne wydarzenie upami\u0119tniaj\u0105ce bestialsko zamordowanych mieszka\u0144c<\/strong><strong>\u00f3<\/strong><strong>w Marek i Zielonki. Uroczysto\u015b\u0107 rozpocznie si\u0119 30 lipca o godz.12.00.&nbsp; Zbrodnia na Kruczku to rze\u017a niewinnych ludzi, dokonana w odwecie za akcje podziemia. Do dzi\u015b nie uda\u0142<\/strong><strong>o si<\/strong><strong>\u0119 ustali\u0107 liczby ofiar tego mordu. Na li\u015bcie znajduje si\u0119 48. nazwisk.<\/strong><strong><\/strong><\/p>\n\n\n\n<p>Uroczysto\u015b\u0107 odb\u0119dzie si\u0119 przy pomniku pomordowanych mieszka\u0144c\u00f3w Zielonki i Marek nad jeziorem Kruczek. Nast\u0119pnie zostan\u0105 z\u0142o\u017cone&nbsp; wie\u0144ce pod pomnikiem przy ul. G\u0142\u00f3wnej. W tym miejscu rozstrzelano 11 mieszka\u0144c\u00f3w. Egzekucje w\u015br\u00f3d mieszka\u0144c\u00f3w Marek, Pustelnika, Zielonki i Strugi przeprowadzili Niemcy 30 lipca 1944 r. niedaleko jeziorka Kruczek (jezioro Czarne, Czarniak). Ten masowy mord by\u0142 odwetem okupanta za akcje zbrojne przeprowadzone przez Armi\u0119 Krajow\u0105 w Strudze i Zielonce, w wyniku kt\u00f3rych zgin\u0119\u0142o i zosta\u0142o rannych kilku \u017co\u0142nierzy niemieckich.<\/p>\n\n\n\n<p>Pierwsza z tych akcji odby\u0142a si\u0119 w godzinach przedpo\u0142udniowych, pomi\u0119dzy 10 a 11, w rejonie Ro\u015bciszewa (Pustelnik II) i Strugi. Oddzia\u0142 Armii Krajowej zaatakowa\u0142 ci\u0119\u017car\u00f3wk\u0119 wioz\u0105c\u0105 zaopatrzenie dla \u017co\u0142nierzy niemieckich stacjonuj\u0105cych w Niepor\u0119cie. Zgin\u0105\u0142 kierowca, a kilku \u017co\u0142nierzy z eskorty zosta\u0142o ci\u0119\u017cko rannych. Cze\u015b\u0107 \u0142adunku w postaci \u017cywno\u015bci i papieros\u00f3w trafi\u0142a w r\u0119ce okolicznej ludno\u015bci. Kilka godzin p\u00f3\u017aniej \u017candarmeria niemiecka w wyniku przeszukiwa\u0144 znalaz\u0142a w kilku domach te artyku\u0142y i rozpocz\u0119\u0142a masowe aresztowania, przede wszystkim m\u0119\u017cczyzn. Z relacji naocznych \u015bwiadk\u00f3w wiadomo, ze aresztowanych m\u0119\u017cczyzn by\u0142o ponad dwudziestu.<\/p>\n\n\n\n<p>Drug\u0105 akcj\u0119 odwetow\u0105 Niemcy przeprowadzili w Zielonce tego samego dnia wczesnym popo\u0142udniem. Jeden z oddzia\u0142\u00f3w Armii Krajowej przewozi\u0142 ukryt\u0105 na furmance bro\u0144 i amunicj\u0119. Bro\u0144 t\u0119 gromadzono w punktach zbornych w zwi\u0105zku z przygotowaniami do wybuchu Powstania Warszawskiego. W okolicach ulic Prostej i Podle\u015bnej polska grupa natkn\u0119\u0142a si\u0119 na trzyosobowy patrol \u017co\u0142nierzy SS. Dosz\u0142o do wymiany ognia, w wyniku kt\u00f3rej zgin\u0119\u0142o dw\u00f3ch Niemc\u00f3w, a trzeci zosta\u0142 ranny. Zaraz po tym wydarzeniu hitlerowcy rozpocz\u0119li \u0142apanki i aresztowania mieszka\u0144c\u00f3w okolicznych dom\u00f3w. Schwytanych w obydwu akcjach mieszka\u0144c\u00f3w Marek, Pustelnika, Zielonki i Strugi zap\u0119dzono w okolice jeziorka Kruczek. Prawdopodobnie tuz przed zapadni\u0119ciem zmroku rozpocz\u0119to egzekucje.<\/p>\n\n\n\n<p>Niemcy st\u0142oczyli aresztowanych pod pag\u00f3rkiem (dzi\u015b w tym miejscu znajduje si\u0119 wykonany z lastryko krzy\u017c z napisem &#8222;miejsce egzekucji\u201d), na okolicznych wzg\u00f3rzach ustawili kilkunastu esesman\u00f3w z karabinami maszynowymi i rozpocz\u0119li rze\u017a. P\u00f3\u017aniej dobijano rannych. Dok\u0142adnej liczby zamordowanych nie uda\u0142o si\u0119 ustali\u0107. R\u00f3\u017cne \u017ar\u00f3d\u0142a i relacje ustne szacuj\u0105 ja na 50 do 148. Uda\u0142o si\u0119 ustali\u0107 48 nazwisk. R\u00f3wnie\u017c Ziele\u0144ca nie pomin\u0119\u0142a fala okupacyjnego terroru. Egzekucje na ludno\u015bci cywilnej&nbsp; wykonywane by\u0142y bez aktu oskar\u017cenia i nawet pobie\u017cnego uzasadnienia winy. 2 sierpnia 1944 \u017co\u0142nierze niemieccy zastrzelili tu 11 os\u00f3b. Byli to wed\u0142ug Instytutu Pami\u0119ci Narodowej: Bronis\u0142aw Garwoli\u0144ski, Marian Kluczyk, Konstanty Kluczyk, Jan Nowosz, Og\u00f3rek (brak imienia), Jan Stasiak, Zbigniew Szczepa\u0144ski, Stefan \u015awiderski, Aleksy Wasilewski, bracia W\u00f3jcik (brak imion).<\/p>\n\n\n<div class=\"wp-block-image\">\n<figure class=\"aligncenter size-full\"><img loading=\"lazy\" decoding=\"async\" width=\"492\" height=\"693\" src=\"https:\/\/naszpowiat.info\/wp-content\/uploads\/2022\/08\/Rocznica-kruczku-1.jpg\" alt=\"\" class=\"wp-image-4581\" srcset=\"https:\/\/naszpowiat.info\/wp-content\/uploads\/2022\/08\/Rocznica-kruczku-1.jpg 492w, https:\/\/naszpowiat.info\/wp-content\/uploads\/2022\/08\/Rocznica-kruczku-1-213x300.jpg 213w, https:\/\/naszpowiat.info\/wp-content\/uploads\/2022\/08\/Rocznica-kruczku-1-390x550.jpg 390w, https:\/\/naszpowiat.info\/wp-content\/uploads\/2022\/08\/Rocznica-kruczku-1-355x500.jpg 355w\" sizes=\"auto, (max-width: 492px) 100vw, 492px\" \/><\/figure>\n<\/div>\n\n\n<p>\u0179r\u00f3d\u0142o \/ Fot.: www.marki.pl<\/p>\n<div class=\"naszp-po-tresci\" id=\"naszp-1498082452\"><script async src=\"\/\/pagead2.googlesyndication.com\/pagead\/js\/adsbygoogle.js?client=ca-pub-5304901113955943\" crossorigin=\"anonymous\"><\/script><ins class=\"adsbygoogle\" style=\"display:block;\" data-ad-client=\"ca-pub-5304901113955943\" \ndata-ad-slot=\"9226873542\" \ndata-ad-format=\"auto\"><\/ins>\n<script> \n(adsbygoogle = window.adsbygoogle || []).push({}); \n<\/script>\n<\/div>","protected":false},"excerpt":{"rendered":"<p>W\u0142adze Zielonki i Marek zapraszaj\u0105 na coroczne wydarzenie upami\u0119tniaj\u0105ce bestialsko zamordowanych mieszka\u0144c\u00f3w Marek i Zielonki. Uroczysto\u015b\u0107 rozpocznie si\u0119 30 lipca o godz.12.00.&nbsp; Zbrodnia na Kruczku to rze\u017a niewinnych ludzi, dokonana w odwecie za akcje podziemia. Do dzi\u015b nie uda\u0142o si\u0119 ustali\u0107 liczby ofiar tego mordu. Na li\u015bcie znajduje si\u0119 48.<span class=\"more-link\"><a href=\"https:\/\/naszpowiat.info\/index.php\/2022\/08\/03\/obchody-78-rocznicy-mordu-na-kruczku-i-zielencu\/\">Czytaj dalej<\/a><\/span><\/p>\n","protected":false},"author":9,"featured_media":4579,"comment_status":"open","ping_status":"open","sticky":false,"template":"","format":"standard","meta":{"_monsterinsights_skip_tracking":false,"_monsterinsights_sitenote_active":false,"_monsterinsights_sitenote_note":"","_monsterinsights_sitenote_category":0,"footnotes":""},"categories":[123,78,98,40,31,65],"tags":[],"class_list":["entry","author-admin","post-4578","post","type-post","status-publish","format-standard","has-post-thumbnail","category-aktualnosci","category-historia","category-marki","category-wolominski","category-powiaty-mazowieckiego","category-zielonka-wolominski"],"aioseo_notices":[],"_links":{"self":[{"href":"https:\/\/naszpowiat.info\/index.php\/wp-json\/wp\/v2\/posts\/4578","targetHints":{"allow":["GET"]}}],"collection":[{"href":"https:\/\/naszpowiat.info\/index.php\/wp-json\/wp\/v2\/posts"}],"about":[{"href":"https:\/\/naszpowiat.info\/index.php\/wp-json\/wp\/v2\/types\/post"}],"author":[{"embeddable":true,"href":"https:\/\/naszpowiat.info\/index.php\/wp-json\/wp\/v2\/users\/9"}],"replies":[{"embeddable":true,"href":"https:\/\/naszpowiat.info\/index.php\/wp-json\/wp\/v2\/comments?post=4578"}],"version-history":[{"count":3,"href":"https:\/\/naszpowiat.info\/index.php\/wp-json\/wp\/v2\/posts\/4578\/revisions"}],"predecessor-version":[{"id":4596,"href":"https:\/\/naszpowiat.info\/index.php\/wp-json\/wp\/v2\/posts\/4578\/revisions\/4596"}],"wp:featuredmedia":[{"embeddable":true,"href":"https:\/\/naszpowiat.info\/index.php\/wp-json\/wp\/v2\/media\/4579"}],"wp:attachment":[{"href":"https:\/\/naszpowiat.info\/index.php\/wp-json\/wp\/v2\/media?parent=4578"}],"wp:term":[{"taxonomy":"category","embeddable":true,"href":"https:\/\/naszpowiat.info\/index.php\/wp-json\/wp\/v2\/categories?post=4578"},{"taxonomy":"post_tag","embeddable":true,"href":"https:\/\/naszpowiat.info\/index.php\/wp-json\/wp\/v2\/tags?post=4578"}],"curies":[{"name":"wp","href":"https:\/\/api.w.org\/{rel}","templated":true}]}}