{"id":4575,"date":"2022-08-03T03:25:00","date_gmt":"2022-08-03T03:25:00","guid":{"rendered":"https:\/\/naszpowiat.info\/?p=4575"},"modified":"2022-08-03T15:28:33","modified_gmt":"2022-08-03T15:28:33","slug":"okolo-romantyzmu-wernisaz-i-koncert-w-palacu-w-chrzesnem","status":"publish","type":"post","link":"https:\/\/naszpowiat.info\/index.php\/2022\/08\/03\/okolo-romantyzmu-wernisaz-i-koncert-w-palacu-w-chrzesnem\/","title":{"rendered":"Oko\u0142o Romantyzmu &#8211; wernisa\u017c i koncert w Pa\u0142acu w Chrz\u0119snem"},"content":{"rendered":"<div class=\"wp-block-image\">\n<figure class=\"aligncenter size-full\"><img loading=\"lazy\" decoding=\"async\" width=\"494\" height=\"699\" src=\"https:\/\/naszpowiat.info\/wp-content\/uploads\/2022\/08\/Okolo-romantyzmu-chrzesnem.jpg\" alt=\"\" class=\"wp-image-4576\" srcset=\"https:\/\/naszpowiat.info\/wp-content\/uploads\/2022\/08\/Okolo-romantyzmu-chrzesnem.jpg 494w, https:\/\/naszpowiat.info\/wp-content\/uploads\/2022\/08\/Okolo-romantyzmu-chrzesnem-212x300.jpg 212w, https:\/\/naszpowiat.info\/wp-content\/uploads\/2022\/08\/Okolo-romantyzmu-chrzesnem-389x550.jpg 389w, https:\/\/naszpowiat.info\/wp-content\/uploads\/2022\/08\/Okolo-romantyzmu-chrzesnem-353x500.jpg 353w\" sizes=\"auto, (max-width: 494px) 100vw, 494px\" \/><\/figure>\n<\/div><div class=\"naszp-po-tresci\" id=\"naszp-2063661858\"><script async src=\"\/\/pagead2.googlesyndication.com\/pagead\/js\/adsbygoogle.js?client=ca-pub-5304901113955943\" crossorigin=\"anonymous\"><\/script><ins class=\"adsbygoogle\" style=\"display:block;\" data-ad-client=\"ca-pub-5304901113955943\" \ndata-ad-slot=\"9226873542\" \ndata-ad-format=\"auto\"><\/ins>\n<script> \n(adsbygoogle = window.adsbygoogle || []).push({}); \n<\/script>\n<\/div>","protected":false},"excerpt":{"rendered":"<p><span class=\"more-link\"><a href=\"https:\/\/naszpowiat.info\/index.php\/2022\/08\/03\/okolo-romantyzmu-wernisaz-i-koncert-w-palacu-w-chrzesnem\/\">Czytaj dalej<\/a><\/span><\/p>\n","protected":false},"author":9,"featured_media":4576,"comment_status":"open","ping_status":"open","sticky":false,"template":"","format":"standard","meta":{"_monsterinsights_skip_tracking":false,"_monsterinsights_sitenote_active":false,"_monsterinsights_sitenote_note":"","_monsterinsights_sitenote_category":0,"footnotes":""},"categories":[123,30,40,31,54,59],"tags":[],"class_list":["entry","author-admin","post-4575","post","type-post","status-publish","format-standard","has-post-thumbnail","category-aktualnosci","category-kultura","category-wolominski","category-powiaty-mazowieckiego","category-tluszcz","category-wydarzenia"],"aioseo_notices":[],"_links":{"self":[{"href":"https:\/\/naszpowiat.info\/index.php\/wp-json\/wp\/v2\/posts\/4575","targetHints":{"allow":["GET"]}}],"collection":[{"href":"https:\/\/naszpowiat.info\/index.php\/wp-json\/wp\/v2\/posts"}],"about":[{"href":"https:\/\/naszpowiat.info\/index.php\/wp-json\/wp\/v2\/types\/post"}],"author":[{"embeddable":true,"href":"https:\/\/naszpowiat.info\/index.php\/wp-json\/wp\/v2\/users\/9"}],"replies":[{"embeddable":true,"href":"https:\/\/naszpowiat.info\/index.php\/wp-json\/wp\/v2\/comments?post=4575"}],"version-history":[{"count":1,"href":"https:\/\/naszpowiat.info\/index.php\/wp-json\/wp\/v2\/posts\/4575\/revisions"}],"predecessor-version":[{"id":4577,"href":"https:\/\/naszpowiat.info\/index.php\/wp-json\/wp\/v2\/posts\/4575\/revisions\/4577"}],"wp:featuredmedia":[{"embeddable":true,"href":"https:\/\/naszpowiat.info\/index.php\/wp-json\/wp\/v2\/media\/4576"}],"wp:attachment":[{"href":"https:\/\/naszpowiat.info\/index.php\/wp-json\/wp\/v2\/media?parent=4575"}],"wp:term":[{"taxonomy":"category","embeddable":true,"href":"https:\/\/naszpowiat.info\/index.php\/wp-json\/wp\/v2\/categories?post=4575"},{"taxonomy":"post_tag","embeddable":true,"href":"https:\/\/naszpowiat.info\/index.php\/wp-json\/wp\/v2\/tags?post=4575"}],"curies":[{"name":"wp","href":"https:\/\/api.w.org\/{rel}","templated":true}]}}