{"id":4560,"date":"2022-08-03T15:06:42","date_gmt":"2022-08-03T15:06:42","guid":{"rendered":"https:\/\/naszpowiat.info\/?p=4560"},"modified":"2022-08-03T15:06:44","modified_gmt":"2022-08-03T15:06:44","slug":"dofinansowanie-na-usuwanie-i-unieszkodliwianie-wyrobow-zawierajacych-azbest","status":"publish","type":"post","link":"https:\/\/naszpowiat.info\/index.php\/2022\/08\/03\/dofinansowanie-na-usuwanie-i-unieszkodliwianie-wyrobow-zawierajacych-azbest\/","title":{"rendered":"Dofinansowanie na usuwanie i unieszkodliwianie wyrob\u00f3w zawieraj\u0105cych azbest"},"content":{"rendered":"\n<p><strong>We wtorek 5 lipca na Sali Konferencyjnej Starostwa Powiatowego w Wo\u0142ominie podpisane zosta\u0142y umowy o dofinansowanie samorz\u0105dowych zada\u0144 z zakresu ochrony \u015brodowiska na usuwanie i unieszkodliwianie wyrob<\/strong><strong>\u00f3<\/strong><strong>w zawieraj\u0105cych azbest oraz urz\u0105dzanie infrastruktury terenowej s\u0142u\u017c\u0105cej edukacji ekologicznej ze \u015brodk<\/strong><strong>\u00f3<\/strong><strong>w Wojew<\/strong><strong>\u00f3<\/strong><strong>dzkiego Funduszu Ochrony \u015arodowiska&nbsp; i Gospodarki Wodnej w Warszawie.<\/strong><\/p>\n\n\n\n<p>Na zaproszenie starosty Adama Lubiaka do siedziby Starostwa Powiatowego w Wo\u0142ominie przyjechali przedstawiciele samorz\u0105d\u00f3w z trzech powiat\u00f3w: wo\u0142omi\u0144skiego, legionowskiego, nowodworskiego. \u0141\u0105cznie podpisanych zosta\u0142o 12 um\u00f3w na kwot\u0119 dofinansowania blisko 330 tys. z\u0142. Pozyskane w ramach um\u00f3w \u015brodki gminy i powiaty b\u0119d\u0105 mog\u0142y wykorzysta\u0107 m.in. na usuwanie azbestu, ochron\u0119 teren\u00f3w cennych przyrodniczo, czy utworzenie \u015bcie\u017cek edukacyjnych, w tym przy szko\u0142ach podstawowych. <\/p>\n\n\n\n<p>W\u015br\u00f3d beneficjent\u00f3w znalaz\u0142 si\u0119 r\u00f3wnie\u017c Powiat Wo\u0142omi\u0144ski, kt\u00f3ry pozyska\u0142 blisko16 tys. z\u0142 na budow\u0119 \u015bcie\u017cki edukacyjnej przy Szkole Podstawowej Specjalnej w Radzyminie. Z terenu powiatu wo\u0142omi\u0144skiego \u015brodki na usuwanie i unieszkodliwianie wyrob\u00f3w zawieraj\u0105cych azbest otrzyma\u0142y gminy Jad\u00f3w, Klemb\u00f3w, D\u0105br\u00f3wka, Po\u015bwi\u0119tne, Wo\u0142omin i Radzymin. Gmina D\u0105br\u00f3wka pozyska\u0142a r\u00f3wnie\u017c \u015brodki na utworzenie \u015bcie\u017cki edukacyjnej przy Szkole Podstawowej im. Adeli Goszczy\u0144skiej we Wszeborach.<\/p>\n\n\n\n<p><strong>Pe\u0142na lista powiat\u00f3w i gmin kt\u00f3re uzyska\u0142y dofinansowanie<\/strong><\/p>\n\n\n\n<figure class=\"wp-block-table\"><table><tbody><tr><td><strong>L.p.<\/strong><\/td><td><strong>Powiat<\/strong><\/td><td><strong>Gmina<\/strong><\/td><td><strong>Jednostka<\/strong><\/td><td><strong>Nazwa zadania<\/strong><\/td><td><strong>Koszt kwalifikowany<\/strong><\/td><td><strong>&nbsp;Kwota dofinansowania<\/strong><\/td><td><strong>% dofinansowania<\/strong><\/td><td><strong>Uwagi<\/strong><\/td><\/tr><tr><td>1<\/td><td>legionowski<\/td><td>Wieliszew<\/td><td>Gmina Wieliszew<\/td><td>Usuwanie i unieszkodliwianie wyrob\u00f3w zawieraj\u0105cych azbest<\/td><td>55 000,00<\/td><td>22 000,00<\/td><td>40,00<\/td><td>umowa przygotowana<\/td><\/tr><tr><td>2<\/td><td>nowodworski<\/td><td>Nowy Dw\u00f3r Mazowiecki<\/td><td>Miasto Nowy Dw\u00f3r Mazowiecki<\/td><td>Usuwanie i unieszkodliwianie wyrob\u00f3w zawieraj\u0105cych azbest<\/td><td>2 837,27<\/td><td>1 134,00<\/td><td>39,97<\/td><td>umowa przygotowana<\/td><\/tr><tr><td>3<\/td><td>nowodworski<\/td><td>Pomiech\u00f3wek<\/td><td>Gmina Pomiech\u00f3wek<\/td><td>Usuwanie i unieszkodliwianie wyrob\u00f3w zawieraj\u0105cych azbest<\/td><td>26 646,00<\/td><td>10 658,40<\/td><td>40,00<\/td><td>umowa przygotowana<\/td><\/tr><tr><td>4<\/td><td>warszawski zachodni<\/td><td>Kampinos<\/td><td>Gmina Kampinos<\/td><td>Usuwanie i unieszkodliwianie wyrob\u00f3w zawieraj\u0105cych azbest<\/td><td>26 595,20<\/td><td>10 638,08<\/td><td>40,00<\/td><td>umowa przygotowana<\/td><\/tr><tr><td>5<\/td><td>wo\u0142omi\u0144ski<\/td><td>T\u0142uszcz<\/td><td>Gmina T\u0142uszcz<\/td><td>Usuwanie i unieszkodliwianie wyrob\u00f3w zawieraj\u0105cych azbest<\/td><td>&nbsp;<\/td><td>0,00<\/td><td>&nbsp;<\/td><td>wniosek z\u0142o\u017cony po terminie 35.000,00<\/td><\/tr><tr><td>6<\/td><td>warszawski zachodni<\/td><td>KAMPINOS<\/td><td>Kampinoski Park Narodowy<\/td><td>Ochrona siedlisk pas\u00f3w bagiennych Puszczy Kampinoskiej (PLC140001)<\/td><td>88 884,00<\/td><td>50 000,00<\/td><td>56,25<\/td><td>UMOWA WYGENEROWANA<\/td><\/tr><tr><td>7<\/td><td>wo\u0142omi\u0144ski<\/td><td>Jad\u00f3w<\/td><td>Gmina Jad\u00f3w<\/td><td>Usuwanie i unieszkodliwianie wyrob\u00f3w zawieraj\u0105cych azbest<\/td><td>35 000,00<\/td><td>35 000,00<\/td><td>100,00<\/td><td>umowa przygotowana<\/td><\/tr><tr><td>8<\/td><td>wo\u0142omi\u0144ski<\/td><td>Klemb\u00f3w<\/td><td>Gmina Klemb\u00f3w<\/td><td>Usuwanie i unieszkodliwianie wyrob\u00f3w zawieraj\u0105cych azbest<\/td><td>49 982,40<\/td><td>34 987,68<\/td><td>70,00<\/td><td>umowa przygotowana<\/td><\/tr><tr><td>9<\/td><td>wo\u0142omi\u0144ski<\/td><td>D\u0105br\u00f3wka<\/td><td>Gmina D\u0105br\u00f3wka<\/td><td>Usuwanie i unieszkodliwianie wyrob\u00f3w zawieraj\u0105cych azbest<\/td><td>50 000,00<\/td><td>35 000,00<\/td><td>70,00<\/td><td>umowa przygotowana<\/td><\/tr><tr><td>10<\/td><td>wo\u0142omi\u0144ski<\/td><td>Po\u015bwi\u0119tne<\/td><td>Gmina Po\u015bwietne<\/td><td>Usuwanie i unieszkodliwianie wyrob\u00f3w zawieraj\u0105cych azbest<\/td><td>35 000,00<\/td><td>35 000,00<\/td><td>100,00<\/td><td>umowa przygotowana<\/td><\/tr><tr><td>11<\/td><td>wo\u0142omi\u0144ski<\/td><td>Wo\u0142omin<\/td><td>Gmina Wo\u0142omin<\/td><td>Usuwanie i unieszkodliwianie wyrob\u00f3w zawieraj\u0105cych azbest<\/td><td>52 000,00<\/td><td>35 000,00<\/td><td>67,31<\/td><td>umowa przygotowana<\/td><\/tr><tr><td>12<\/td><td>wo\u0142omi\u0144ski<\/td><td>Radzymin<\/td><td>Gmina Radzymin<\/td><td>Usuwanie i unieszkodliwianie wyrob\u00f3w zawieraj\u0105cych azbest<\/td><td>104 000,00<\/td><td>35 000,00<\/td><td>33,65<\/td><td>umowa przygotowana<\/td><\/tr><tr><td>13<\/td><td>wo\u0142omi\u0144ski<\/td><td>D\u0104BR\u00d3WKA<\/td><td>Gmina D\u0105br\u00f3wka<\/td><td>Utworzenie \u015bcie\u017cki edukacyjnej przy szkole podstawowej im. Adeli Goszczy\u0144skiej we Wszeborach, gm. D\u0105br\u00f3wka<\/td><td>93 300,00<\/td><td>69 975,00<\/td><td>75,00<\/td><td>Z DECYZJ\u0104 ZARZ\u0104DU<\/td><\/tr><tr><td>14<\/td><td>wo\u0142omi\u0144ski<\/td><td>RADZYMIN<\/td><td>Powiat Wo\u0142omi\u0144ski<\/td><td>Urz\u0105dzenie infrastruktury terenowej, s\u0142u\u017c\u0105cej edukacji ekologicznej w miejscowo\u015bci Radzymin, powiat wo\u0142omi\u0144ski<\/td><td>28 359,30<\/td><td>15 838,00<\/td><td>55,85<\/td><td>Z DECYZJ\u0104 ZARZ\u0104DU<\/td><\/tr><\/tbody><\/table><\/figure>\n\n\n\n<p>Fot.: Usuwanie dachu z tekstury falistej z cementu azbestowego (www.istockphoto.com)<\/p>\n<div class=\"naszp-po-tresci\" id=\"naszp-1159411419\"><script async src=\"\/\/pagead2.googlesyndication.com\/pagead\/js\/adsbygoogle.js?client=ca-pub-5304901113955943\" crossorigin=\"anonymous\"><\/script><ins class=\"adsbygoogle\" style=\"display:block;\" data-ad-client=\"ca-pub-5304901113955943\" \ndata-ad-slot=\"9226873542\" \ndata-ad-format=\"auto\"><\/ins>\n<script> \n(adsbygoogle = window.adsbygoogle || []).push({}); \n<\/script>\n<\/div>","protected":false},"excerpt":{"rendered":"<p>We wtorek 5 lipca na Sali Konferencyjnej Starostwa Powiatowego w Wo\u0142ominie podpisane zosta\u0142y umowy o dofinansowanie samorz\u0105dowych zada\u0144 z zakresu ochrony \u015brodowiska na usuwanie i unieszkodliwianie wyrob\u00f3w zawieraj\u0105cych azbest oraz urz\u0105dzanie infrastruktury terenowej s\u0142u\u017c\u0105cej edukacji ekologicznej ze \u015brodk\u00f3w Wojew\u00f3dzkiego Funduszu Ochrony \u015arodowiska&nbsp; i Gospodarki Wodnej w Warszawie. Na zaproszenie starosty<span class=\"more-link\"><a href=\"https:\/\/naszpowiat.info\/index.php\/2022\/08\/03\/dofinansowanie-na-usuwanie-i-unieszkodliwianie-wyrobow-zawierajacych-azbest\/\">Czytaj dalej<\/a><\/span><\/p>\n","protected":false},"author":9,"featured_media":4561,"comment_status":"open","ping_status":"open","sticky":false,"template":"","format":"standard","meta":{"_monsterinsights_skip_tracking":false,"_monsterinsights_sitenote_active":false,"_monsterinsights_sitenote_note":"","_monsterinsights_sitenote_category":0,"footnotes":""},"categories":[123,72,81,86,88,106,113,114,33,35,39,40,31,43,54,56,58],"tags":[],"class_list":["entry","author-admin","post-4560","post","type-post","status-publish","format-standard","has-post-thumbnail","category-aktualnosci","category-dabrowka","category-jadow","category-kampinos","category-klembow","category-nowy-dwor-mazowiecki","category-pomiechowek","category-poswietne","category-legionowski","category-nowodworski","category-warszawski-zachodni","category-wolominski","category-powiaty-mazowieckiego","category-radzymin","category-tluszcz","category-wieliszew","category-wolomin-wolominski"],"aioseo_notices":[],"_links":{"self":[{"href":"https:\/\/naszpowiat.info\/index.php\/wp-json\/wp\/v2\/posts\/4560","targetHints":{"allow":["GET"]}}],"collection":[{"href":"https:\/\/naszpowiat.info\/index.php\/wp-json\/wp\/v2\/posts"}],"about":[{"href":"https:\/\/naszpowiat.info\/index.php\/wp-json\/wp\/v2\/types\/post"}],"author":[{"embeddable":true,"href":"https:\/\/naszpowiat.info\/index.php\/wp-json\/wp\/v2\/users\/9"}],"replies":[{"embeddable":true,"href":"https:\/\/naszpowiat.info\/index.php\/wp-json\/wp\/v2\/comments?post=4560"}],"version-history":[{"count":1,"href":"https:\/\/naszpowiat.info\/index.php\/wp-json\/wp\/v2\/posts\/4560\/revisions"}],"predecessor-version":[{"id":4562,"href":"https:\/\/naszpowiat.info\/index.php\/wp-json\/wp\/v2\/posts\/4560\/revisions\/4562"}],"wp:featuredmedia":[{"embeddable":true,"href":"https:\/\/naszpowiat.info\/index.php\/wp-json\/wp\/v2\/media\/4561"}],"wp:attachment":[{"href":"https:\/\/naszpowiat.info\/index.php\/wp-json\/wp\/v2\/media?parent=4560"}],"wp:term":[{"taxonomy":"category","embeddable":true,"href":"https:\/\/naszpowiat.info\/index.php\/wp-json\/wp\/v2\/categories?post=4560"},{"taxonomy":"post_tag","embeddable":true,"href":"https:\/\/naszpowiat.info\/index.php\/wp-json\/wp\/v2\/tags?post=4560"}],"curies":[{"name":"wp","href":"https:\/\/api.w.org\/{rel}","templated":true}]}}