{"id":4093,"date":"2022-05-18T10:30:46","date_gmt":"2022-05-18T10:30:46","guid":{"rendered":"https:\/\/naszpowiat.online\/?p=4093"},"modified":"2022-07-27T11:37:53","modified_gmt":"2022-07-27T11:37:53","slug":"nowy-plac-zabaw-w-zielonce-juz-otwarty","status":"publish","type":"post","link":"https:\/\/naszpowiat.info\/index.php\/2022\/05\/18\/nowy-plac-zabaw-w-zielonce-juz-otwarty\/","title":{"rendered":"Nowy plac zabaw w Zielonce ju\u017c otwarty"},"content":{"rendered":"\n<p>Od pocz\u0105tku maja najm\u0142odsi mieszka\u0144cy mog\u0105 cieszy\u0107 si\u0119 nowym placem zabaw przy Szkole Podstawowej nr 2 w Zielonce. Jak informuj\u0105 w\u0142adze miasta, jest on dost\u0119pny dla wszystkich mieszka\u0144c\u00f3w. Nale\u017cy jednak pami\u0119ta\u0107, \u017ce w godzinach pracy szko\u0142y, pierwsze\u0144stwo w korzystaniu z terenu rekreacyjnego maj\u0105 uczniowie szko\u0142y.<\/p>\n\n\n\n<p>Plac zabaw podzielony jest na dwie cz\u0119\u015bci \u2013 pierwsza z nich zaprojektowana jest z my\u015bl\u0105 o najm\u0142odszych na kt\u00f3rych czeka wiele atrakcji, m.in.: zje\u017cd\u017calnie, drabinki, karuzela, hu\u015btawki i wiele innych, druga dla nieco starszych. W centralnej cz\u0119\u015bci znajduj\u0119 si\u0119 zamek pozwalaj\u0105cy na d\u0142ugie godziny nieko\u0144cz\u0105cej si\u0119 zabawy. W trosce o bezpiecze\u0144stwo ca\u0142y obszar obejmuj\u0105cy placu zabaw zosta\u0142 ogrodzony. Teren rekreacyjny wyposa\u017cony jest w nawierzchni\u0119 poliuretanow\u0105, kt\u00f3ra pe\u0142ni istotn\u0105 rol\u0119 w zapewnieniu odpowiedniego bezpiecze\u0144stwa. Pod\u0142o\u017ce dobrze przepuszcza wod\u0119, dzi\u0119ki czemu minimalizuje wyst\u0119powanie ka\u0142u\u017c oraz umo\u017cliwia szybki powr\u00f3t do zabawy.<\/p>\n\n\n\n<p>Koszt ca\u0142ej inwestycji wyni\u00f3s\u0142 550 tys. z\u0142.<\/p>\n\n\n\n<p>Jak zapowiadaj\u0105 w\u0142adze miasta, to nie koniec zmian i nowo\u015bci. Plac zabaw b\u0119dzie jedynie cz\u0119\u015bci\u0105 nowego kompleksu sportowo-rekreacyjnego, kt\u00f3ry powstaje przy zielonkowskiej Dw\u00f3jce. Obecnie trwaj\u0105 intensywne prace zwi\u0105zane z budow\u0105 boiska szkolnego.<\/p>\n<div class=\"naszp-po-tresci\" id=\"naszp-2825983555\"><script async src=\"\/\/pagead2.googlesyndication.com\/pagead\/js\/adsbygoogle.js?client=ca-pub-5304901113955943\" crossorigin=\"anonymous\"><\/script><ins class=\"adsbygoogle\" style=\"display:block;\" data-ad-client=\"ca-pub-5304901113955943\" \ndata-ad-slot=\"9226873542\" \ndata-ad-format=\"auto\"><\/ins>\n<script> \n(adsbygoogle = window.adsbygoogle || []).push({}); \n<\/script>\n<\/div>","protected":false},"excerpt":{"rendered":"<p>Od pocz\u0105tku maja najm\u0142odsi mieszka\u0144cy mog\u0105 cieszy\u0107 si\u0119 nowym placem zabaw przy Szkole Podstawowej nr 2 w Zielonce. Jak informuj\u0105 w\u0142adze miasta, jest on dost\u0119pny dla wszystkich mieszka\u0144c\u00f3w. Nale\u017cy jednak pami\u0119ta\u0107, \u017ce w godzinach pracy szko\u0142y, pierwsze\u0144stwo w korzystaniu z terenu rekreacyjnego maj\u0105 uczniowie szko\u0142y. Plac zabaw podzielony jest na<span class=\"more-link\"><a href=\"https:\/\/naszpowiat.info\/index.php\/2022\/05\/18\/nowy-plac-zabaw-w-zielonce-juz-otwarty\/\">Czytaj dalej<\/a><\/span><\/p>\n","protected":false},"author":9,"featured_media":4095,"comment_status":"open","ping_status":"open","sticky":false,"template":"","format":"standard","meta":{"_monsterinsights_skip_tracking":false,"_monsterinsights_sitenote_active":false,"_monsterinsights_sitenote_note":"","_monsterinsights_sitenote_category":0,"footnotes":""},"categories":[123,31,64],"tags":[],"class_list":["entry","author-admin","post-4093","post","type-post","status-publish","format-standard","has-post-thumbnail","category-aktualnosci","category-powiaty-mazowieckiego","category-zielonka"],"aioseo_notices":[],"_links":{"self":[{"href":"https:\/\/naszpowiat.info\/index.php\/wp-json\/wp\/v2\/posts\/4093","targetHints":{"allow":["GET"]}}],"collection":[{"href":"https:\/\/naszpowiat.info\/index.php\/wp-json\/wp\/v2\/posts"}],"about":[{"href":"https:\/\/naszpowiat.info\/index.php\/wp-json\/wp\/v2\/types\/post"}],"author":[{"embeddable":true,"href":"https:\/\/naszpowiat.info\/index.php\/wp-json\/wp\/v2\/users\/9"}],"replies":[{"embeddable":true,"href":"https:\/\/naszpowiat.info\/index.php\/wp-json\/wp\/v2\/comments?post=4093"}],"version-history":[{"count":1,"href":"https:\/\/naszpowiat.info\/index.php\/wp-json\/wp\/v2\/posts\/4093\/revisions"}],"predecessor-version":[{"id":4476,"href":"https:\/\/naszpowiat.info\/index.php\/wp-json\/wp\/v2\/posts\/4093\/revisions\/4476"}],"wp:featuredmedia":[{"embeddable":true,"href":"https:\/\/naszpowiat.info\/index.php\/wp-json\/wp\/v2\/media\/4095"}],"wp:attachment":[{"href":"https:\/\/naszpowiat.info\/index.php\/wp-json\/wp\/v2\/media?parent=4093"}],"wp:term":[{"taxonomy":"category","embeddable":true,"href":"https:\/\/naszpowiat.info\/index.php\/wp-json\/wp\/v2\/categories?post=4093"},{"taxonomy":"post_tag","embeddable":true,"href":"https:\/\/naszpowiat.info\/index.php\/wp-json\/wp\/v2\/tags?post=4093"}],"curies":[{"name":"wp","href":"https:\/\/api.w.org\/{rel}","templated":true}]}}