{"id":4089,"date":"2022-05-18T07:31:05","date_gmt":"2022-05-18T07:31:05","guid":{"rendered":"https:\/\/naszpowiat.online\/?p=4089"},"modified":"2022-07-27T11:37:27","modified_gmt":"2022-07-27T11:37:27","slug":"koncert-muzyki-symfonicznej-w-markach","status":"publish","type":"post","link":"https:\/\/naszpowiat.info\/index.php\/2022\/05\/18\/koncert-muzyki-symfonicznej-w-markach\/","title":{"rendered":"Koncert muzyki symfonicznej w Markach"},"content":{"rendered":"\n<p><strong>26 maja 2022 r. o godz. 19.00 w Mareckim Centrum Edukacyjno-Rekreacyjnym odb\u0119dzie si\u0119 wyj\u0105tkowy koncert muzyki symfonicznej. A\u017c 40 muzyk<\/strong><strong>\u00f3<\/strong><strong>w wykona klasyczne i wsp\u00f3\u0142czesne utwory w zupe\u0142nie nowych aran\u017cacjach.<\/strong><strong><\/strong><\/p>\n\n\n\n<p><strong>Wykonawcy:<\/strong><\/p>\n\n\n\n<p>Orkiestra symfoniczna \u2013 36-osobowa pod dyrekcj\u0105 Krzysztofa Procaj\u0142o<\/p>\n\n\n\n<p>Wokali\u015bci: Patrycja Ciborowska, Emilia Cyran, Dawid Pelowski, Zuzanna Lenkiewicz<\/p>\n\n\n\n<p>Koncert poprowadzi : Katarzyna Mr\u00f3z-Borucka<\/p>\n\n\n\n<p><strong>Podczas koncertu b\u0119dzie mo\u017cna us\u0142ysze\u0107 m.in.:<\/strong><\/p>\n\n\n\n<p><em>Polonez (W.Kilar)<\/em><\/p>\n\n\n\n<p><em>Cztery pory roku &#8211; Wiosna (1st mov.) A.Vivaldi<\/em><\/p>\n\n\n\n<p>Libertango A.Pia<em>zzolla<\/em><\/p>\n\n\n\n<p><em>River Flows in You Yiruma<\/em><\/p>\n\n\n\n<p><em>Con te partiro (Time to say goodbye) Andrea Bocelli<\/em><\/p>\n\n\n\n<p><em>Jezioro \u0142ab\u0119dzie (temat &#8211; Scene, Act.2) P. I. Tchaikovsky<\/em><\/p>\n\n\n\n<p><em>Rondo alla Turca (K.331 &#8211; Mozart), W. A. Mozart<\/em><\/p>\n\n\n\n<p><em>Heal the world, Michael Jackson<\/em><\/p>\n\n\n\n<p><em>Z Tob\u0105 chc\u0119 ogl\u0105da\u0107 \u015bwiat, Zbigniew Wodecki<\/em><\/p>\n\n\n\n<p><em>Piechot\u0105 do lata, Bajm<\/em><\/p>\n\n\n\n<p><em>What a wonderful world, Louis Armstrong<\/em><\/p>\n\n\n\n<p><em>Poca\u0142uj noc, Varius Manx<\/em><\/p>\n\n\n\n<p><em>Sen o Victorii, D\u017cem<\/em><\/p>\n\n\n\n<p>Bilety na koncert s\u0105 dost\u0119pne tak\u017ce w kasach MCER. Bilety w cenie 50 z\u0142 dla posiadaczy Mareckiej Karty Mieszka\u0144ca (okazanie karty w trakcie sprawdzania bilet\u00f3w).<\/p>\n\n\n\n<figure class=\"wp-block-image size-large\"><img loading=\"lazy\" decoding=\"async\" width=\"724\" height=\"1024\" src=\"https:\/\/naszpowiat.info\/wp-content\/uploads\/2022\/05\/koncert-muzyki-symfonicznej-724x1024.jpg\" alt=\"\" class=\"wp-image-4090\" srcset=\"https:\/\/naszpowiat.info\/wp-content\/uploads\/2022\/05\/koncert-muzyki-symfonicznej-724x1024.jpg 724w, https:\/\/naszpowiat.info\/wp-content\/uploads\/2022\/05\/koncert-muzyki-symfonicznej-212x300.jpg 212w, https:\/\/naszpowiat.info\/wp-content\/uploads\/2022\/05\/koncert-muzyki-symfonicznej-768x1086.jpg 768w, https:\/\/naszpowiat.info\/wp-content\/uploads\/2022\/05\/koncert-muzyki-symfonicznej-389x550.jpg 389w, https:\/\/naszpowiat.info\/wp-content\/uploads\/2022\/05\/koncert-muzyki-symfonicznej-354x500.jpg 354w, https:\/\/naszpowiat.info\/wp-content\/uploads\/2022\/05\/koncert-muzyki-symfonicznej.jpg 1000w\" sizes=\"auto, (max-width: 724px) 100vw, 724px\" \/><\/figure>\n\n\n\n<p><\/p>\n<div class=\"naszp-po-tresci\" id=\"naszp-3445793140\"><script async src=\"\/\/pagead2.googlesyndication.com\/pagead\/js\/adsbygoogle.js?client=ca-pub-5304901113955943\" crossorigin=\"anonymous\"><\/script><ins class=\"adsbygoogle\" style=\"display:block;\" data-ad-client=\"ca-pub-5304901113955943\" \ndata-ad-slot=\"9226873542\" \ndata-ad-format=\"auto\"><\/ins>\n<script> \n(adsbygoogle = window.adsbygoogle || []).push({}); \n<\/script>\n<\/div>","protected":false},"excerpt":{"rendered":"<p>26 maja 2022 r. o godz. 19.00 w Mareckim Centrum Edukacyjno-Rekreacyjnym odb\u0119dzie si\u0119 wyj\u0105tkowy koncert muzyki symfonicznej. A\u017c 40 muzyk\u00f3w wykona klasyczne i wsp\u00f3\u0142czesne utwory w zupe\u0142nie nowych aran\u017cacjach. Wykonawcy: Orkiestra symfoniczna \u2013 36-osobowa pod dyrekcj\u0105 Krzysztofa Procaj\u0142o Wokali\u015bci: Patrycja Ciborowska, Emilia Cyran, Dawid Pelowski, Zuzanna Lenkiewicz Koncert poprowadzi :<span class=\"more-link\"><a href=\"https:\/\/naszpowiat.info\/index.php\/2022\/05\/18\/koncert-muzyki-symfonicznej-w-markach\/\">Czytaj dalej<\/a><\/span><\/p>\n","protected":false},"author":9,"featured_media":4091,"comment_status":"open","ping_status":"open","sticky":false,"template":"","format":"standard","meta":{"_monsterinsights_skip_tracking":false,"_monsterinsights_sitenote_active":false,"_monsterinsights_sitenote_note":"","_monsterinsights_sitenote_category":0,"footnotes":""},"categories":[123,30,98,40,59],"tags":[],"class_list":["entry","author-admin","post-4089","post","type-post","status-publish","format-standard","has-post-thumbnail","category-aktualnosci","category-kultura","category-marki","category-wolominski","category-wydarzenia"],"aioseo_notices":[],"_links":{"self":[{"href":"https:\/\/naszpowiat.info\/index.php\/wp-json\/wp\/v2\/posts\/4089","targetHints":{"allow":["GET"]}}],"collection":[{"href":"https:\/\/naszpowiat.info\/index.php\/wp-json\/wp\/v2\/posts"}],"about":[{"href":"https:\/\/naszpowiat.info\/index.php\/wp-json\/wp\/v2\/types\/post"}],"author":[{"embeddable":true,"href":"https:\/\/naszpowiat.info\/index.php\/wp-json\/wp\/v2\/users\/9"}],"replies":[{"embeddable":true,"href":"https:\/\/naszpowiat.info\/index.php\/wp-json\/wp\/v2\/comments?post=4089"}],"version-history":[{"count":1,"href":"https:\/\/naszpowiat.info\/index.php\/wp-json\/wp\/v2\/posts\/4089\/revisions"}],"predecessor-version":[{"id":4475,"href":"https:\/\/naszpowiat.info\/index.php\/wp-json\/wp\/v2\/posts\/4089\/revisions\/4475"}],"wp:featuredmedia":[{"embeddable":true,"href":"https:\/\/naszpowiat.info\/index.php\/wp-json\/wp\/v2\/media\/4091"}],"wp:attachment":[{"href":"https:\/\/naszpowiat.info\/index.php\/wp-json\/wp\/v2\/media?parent=4089"}],"wp:term":[{"taxonomy":"category","embeddable":true,"href":"https:\/\/naszpowiat.info\/index.php\/wp-json\/wp\/v2\/categories?post=4089"},{"taxonomy":"post_tag","embeddable":true,"href":"https:\/\/naszpowiat.info\/index.php\/wp-json\/wp\/v2\/tags?post=4089"}],"curies":[{"name":"wp","href":"https:\/\/api.w.org\/{rel}","templated":true}]}}