{"id":4083,"date":"2022-05-18T06:39:06","date_gmt":"2022-05-18T06:39:06","guid":{"rendered":"https:\/\/naszpowiat.online\/?p=4083"},"modified":"2022-07-27T11:37:20","modified_gmt":"2022-07-27T11:37:20","slug":"bieg-pamieci-siostry-matyldy-getter-w-markach","status":"publish","type":"post","link":"https:\/\/naszpowiat.info\/index.php\/2022\/05\/18\/bieg-pamieci-siostry-matyldy-getter-w-markach\/","title":{"rendered":"Bieg Pami\u0119ci siostry Matyldy Getter w Markach"},"content":{"rendered":"\n<p>W\u0142adze miasta Marki serdecznie zapraszaj\u0105 14 maja 2022 r. o godz.&nbsp;10:00 na bieg pami\u0119ci siostry Matyldy Getter po\u0142\u0105czony z piknikiem edukacyjno \u2013 historycznym.  <\/p>\n\n\n\n<p>Wydarzenie odb\u0119dzie si\u0119 w mareckim kompleksie edukacyjnym Si\u00f3str Franciszkanek Rodziny Maryi, przy ul. Kasztanowej 21. To w\u0142a\u015bnie z tego Zgromadzenia zakonnego wywodzi si\u0119 bohaterka, kt\u00f3r\u0105 zamierzaj\u0105 upami\u0119tni\u0107 organizatorzy i uczestnicy biegu i pikniku.<\/p>\n\n\n\n<p>Matka Matylda Getter urodzi\u0142a si\u0119 25 lutego 1870 r. W m\u0142odym wieku wst\u0105pi\u0142a do Zgromadzenia Si\u00f3str Franciszkanek Rodziny Maryi, gdzie od samego pocz\u0105tku z ogromnym po\u015bwi\u0119ceniem anga\u017cowa\u0142a si\u0119 w dzia\u0142alno\u015b\u0107 o\u015bwiatowo-wychowawcz\u0105. Zak\u0142ada\u0142a plac\u00f3wki edukacyjne i opieku\u0144cze we wschodniej i centralnej Polsce. By\u0142a m.in. prze\u0142o\u017con\u0105 Ogniska Rodziny Maryi w Warszawie. 1 wrze\u015bnia 1939 r. wraz z napa\u015bci\u0105 Niemiec na Polsk\u0119, siostry ze Zgromadzenia nieprzerwanie nios\u0142y pomoc ofiarom wojny. Pomaga\u0142y ludziom wysiedlonym, bezdomnym, zagro\u017conych aresztowaniem, wi\u0119\u017aniom, ubogim rodzinom, a zw\u0142aszcza osieroconym dzieciom. Przyj\u0119\u0142a je do swych zak\u0142ad\u00f3w i zorganizowa\u0142a dla nich nowe domy. W czasie kampanii wrze\u015bniowej 1939 r. matka Matylda Getter w domu prowincjalnym przy ul. Ho\u017cej w Warszawie schroni\u0142a ok. 500 uciekinier\u00f3w. Zorganizowa\u0142a punkt sanitarny z\u0142o\u017cony z si\u00f3str, kt\u00f3re nocami rusza\u0142y na trakt radzymi\u0144ski, aby nie\u015b\u0107 pomoc rannym. Tam tak\u017ce dzia\u0142a\u0142a plac\u00f3wka legalizacyjna, kt\u00f3ra wyrabia\u0142a nowe dokumenty dla os\u00f3b \u015bciganych przez Niemc\u00f3w. Matka Matylda Getter utworzy\u0142a tajne szko\u0142y wychowawcze, Liceum Pedagogiczne Ziem Zachodnich i kursy katechetyczne. Maj\u0105c przesz\u0142o 70 lat, z zadziwiaj\u0105c\u0105 energi\u0105 i po\u015bwi\u0119ceniem anga\u017cowa\u0142a si\u0119 w ratowanie \u017byd\u00f3w. Wszyscy kt\u00f3rzy mieli z ni\u0105 styczno\u015b\u0107 m\u00f3wili, \u017ce by\u0142a to osoba \u201epromieniuj\u0105ca dobroci\u0105, mi\u0142o\u015bci\u0105, \u017cyczliwo\u015bci\u0105\u201d. To w\u0142a\u015bnie jej przypisuje si\u0119 najwi\u0119ksze zas\u0142ugi w ocalaniu dzieci \u017cydowskich. Jak twierdz\u0105 osoby znaj\u0105ce matk\u0119 Matyld\u0119 nigdy nie odmawia\u0142a pomocy. Uwa\u017ca\u0142a, \u017ce to \u201esam B\u00f3g ich przysy\u0142a\u201d, a wi\u0119c trzeba im pom\u00f3c. Wraz z ca\u0142ym zgromadzeniem i wsp\u00f3\u0142pracownikami uratowa\u0142a w czasie II wojny \u015bwiatowej setki \u017cydowskich dzieci nara\u017caj\u0105c przy tym swoje \u017cycie. Za podj\u0119te dzia\u0142ania zosta\u0142a odznaczona medalem Sprawiedliwy w\u015br\u00f3d Narod\u00f3w \u015awiata.<\/p>\n\n\n\n<p>Nadchodz\u0105ce wydarzenie to doskona\u0142a okazja aby dok\u0142adniej pozna\u0107 histori\u0119 tej niezwykle inspiruj\u0105cej postaci. W czasie pikniku b\u0119dzie mo\u017cna m.in. wzi\u0105\u0107 udzia\u0142 w grze historycznej, warsztatach, rozgrywkach sportowych, czy obejrze\u0107 film w autobusowym kinie. Ca\u0142o\u015b\u0107 zwie\u0144czy koncert historyczny zespo\u0142u Ferajna z Hoovera oraz Msza \u015awi\u0119ta.<\/p>\n\n\n\n<p><strong>W programie:<\/strong><\/p>\n\n\n\n<ul class=\"wp-block-list\"><li>8.30\u00a0\u00a0\u00a0 otwarcie biura zawod\u00f3w (lista rezerwowa uczestnik\u00f3w biegu, od godz.10.00)<\/li><li>10.00\u00a0 oficjalne rozpocz\u0119cie <\/li><li>10.15\u00a0 rozgrzewka sportowa ze sceny\u00a0<\/li><li>10.30\u00a0 bieg g\u0142\u00f3wny, uczestnicy od 18 r.\u017c., dystans &#8211; 5100 m<\/li><li>11.30\u00a0 bieg m\u0142odzie\u017cy, uczestnicy w wieku 15-17 lat, dystans 2050 m<\/li><li>12.00\u00a0 bieg m\u0142odzie\u017cowy, uczestnicy w wieku 11-14 lat,\u00a0dystans: 1050 m<\/li><li>12.20\u00a0 bieg dzieci\u0119cy, dzieci w wieku 7-10 lat, dystans: 300 m,<\/li><li>12.45\u00a0 dzieci w wieku 3-6 lat, dystans: 150 m\u00a0 (bez pomiaru)<\/li><li>13.00\u00a0 start marszu Si\u00f3str Franciszkanek i przyjaci\u00f3\u0142 &#8211; dystans ok 300 m\u00a0 (bez pomiaru)<\/li><li>13.15\u00a0\u00a0dekoracja zwyci\u0119zc\u00f3w<\/li><li>14.00\u00a0 koncert &#8211; Ferajna z Hoovera\u00a0<\/li><li>15.30\u00a0 animacja ze sceny dla rodzin \u201cBum bum rurki\u201d<\/li><li>17.00\u00a0 wyst\u0119py wokalno- instrumentalne dzieci ze Szko\u0142y Podstawowej Si\u00f3str Rodziny Maryi w Markach\u00a0<\/li><li>18.00 Msza \u015awi\u0119ta (polowa)<\/li><\/ul>\n\n\n\n<p><strong>Patronat nad wydarzeniem obj\u0119li:&nbsp;&nbsp;<\/strong>Biskup warszawsko-praski<strong>&nbsp;<\/strong>Romuald Kami\u0144ski,<strong>&nbsp;<\/strong>Prezes Instytutu Pami\u0119ci Narodowej Karol Nawrocki, Starosta wo\u0142omi\u0144sk<strong>i&nbsp;<\/strong>Adam Lubiak oraz Burmistrz miasta Marki<strong>&nbsp;<\/strong>Jacek Orych.<\/p>\n\n\n\n<p><strong>Patronat medialny: <\/strong>TVP Historia i Radio Warszawa.<\/p>\n\n\n\n<p><strong>Nie mo\u017ce i Ciebie zabrakn\u0105\u0107!<\/strong><\/p>\n\n\n\n<p>                                                                                                                                         <\/p>\n<div class=\"naszp-po-tresci\" id=\"naszp-3115447629\"><script async src=\"\/\/pagead2.googlesyndication.com\/pagead\/js\/adsbygoogle.js?client=ca-pub-5304901113955943\" crossorigin=\"anonymous\"><\/script><ins class=\"adsbygoogle\" style=\"display:block;\" data-ad-client=\"ca-pub-5304901113955943\" \ndata-ad-slot=\"9226873542\" \ndata-ad-format=\"auto\"><\/ins>\n<script> \n(adsbygoogle = window.adsbygoogle || []).push({}); \n<\/script>\n<\/div>","protected":false},"excerpt":{"rendered":"<p>W\u0142adze miasta Marki serdecznie zapraszaj\u0105 14 maja 2022 r. o godz.&nbsp;10:00 na bieg pami\u0119ci siostry Matyldy Getter po\u0142\u0105czony z piknikiem edukacyjno \u2013 historycznym. Wydarzenie odb\u0119dzie si\u0119 w mareckim kompleksie edukacyjnym Si\u00f3str Franciszkanek Rodziny Maryi, przy ul. Kasztanowej 21. To w\u0142a\u015bnie z tego Zgromadzenia zakonnego wywodzi si\u0119 bohaterka, kt\u00f3r\u0105 zamierzaj\u0105 upami\u0119tni\u0107<span class=\"more-link\"><a href=\"https:\/\/naszpowiat.info\/index.php\/2022\/05\/18\/bieg-pamieci-siostry-matyldy-getter-w-markach\/\">Czytaj dalej<\/a><\/span><\/p>\n","protected":false},"author":9,"featured_media":4084,"comment_status":"open","ping_status":"open","sticky":false,"template":"","format":"standard","meta":{"_monsterinsights_skip_tracking":false,"_monsterinsights_sitenote_active":false,"_monsterinsights_sitenote_note":"","_monsterinsights_sitenote_category":0,"footnotes":""},"categories":[123,30,98,40,59],"tags":[],"class_list":["entry","author-admin","post-4083","post","type-post","status-publish","format-standard","has-post-thumbnail","category-aktualnosci","category-kultura","category-marki","category-wolominski","category-wydarzenia"],"aioseo_notices":[],"_links":{"self":[{"href":"https:\/\/naszpowiat.info\/index.php\/wp-json\/wp\/v2\/posts\/4083","targetHints":{"allow":["GET"]}}],"collection":[{"href":"https:\/\/naszpowiat.info\/index.php\/wp-json\/wp\/v2\/posts"}],"about":[{"href":"https:\/\/naszpowiat.info\/index.php\/wp-json\/wp\/v2\/types\/post"}],"author":[{"embeddable":true,"href":"https:\/\/naszpowiat.info\/index.php\/wp-json\/wp\/v2\/users\/9"}],"replies":[{"embeddable":true,"href":"https:\/\/naszpowiat.info\/index.php\/wp-json\/wp\/v2\/comments?post=4083"}],"version-history":[{"count":1,"href":"https:\/\/naszpowiat.info\/index.php\/wp-json\/wp\/v2\/posts\/4083\/revisions"}],"predecessor-version":[{"id":4474,"href":"https:\/\/naszpowiat.info\/index.php\/wp-json\/wp\/v2\/posts\/4083\/revisions\/4474"}],"wp:featuredmedia":[{"embeddable":true,"href":"https:\/\/naszpowiat.info\/index.php\/wp-json\/wp\/v2\/media\/4084"}],"wp:attachment":[{"href":"https:\/\/naszpowiat.info\/index.php\/wp-json\/wp\/v2\/media?parent=4083"}],"wp:term":[{"taxonomy":"category","embeddable":true,"href":"https:\/\/naszpowiat.info\/index.php\/wp-json\/wp\/v2\/categories?post=4083"},{"taxonomy":"post_tag","embeddable":true,"href":"https:\/\/naszpowiat.info\/index.php\/wp-json\/wp\/v2\/tags?post=4083"}],"curies":[{"name":"wp","href":"https:\/\/api.w.org\/{rel}","templated":true}]}}