{"id":4077,"date":"2022-05-17T13:37:45","date_gmt":"2022-05-17T13:37:45","guid":{"rendered":"https:\/\/naszpowiat.online\/?p=4077"},"modified":"2022-07-27T11:37:08","modified_gmt":"2022-07-27T11:37:08","slug":"rusza-nabor-wnioskow-lokalnej-grupa-dzialania-rowniny-wolominskiej","status":"publish","type":"post","link":"https:\/\/naszpowiat.info\/index.php\/2022\/05\/17\/rusza-nabor-wnioskow-lokalnej-grupa-dzialania-rowniny-wolominskiej\/","title":{"rendered":"Rusza nab\u00f3r wniosk\u00f3w Lokalnej Grupa Dzia\u0142ania R\u00f3wniny Wo\u0142omi\u0144skiej"},"content":{"rendered":"\n<p>Od 4 kwietnia 2022r. Lokalna Grupa Dzia\u0142ania R\u00f3wniny Wo\u0142omi\u0144skiej og\u0142osi\u0142a nab\u00f3r nr 3\/2022 na przedsi\u0119wzi\u0119cie \u201eInnowacyjne przedsi\u0119biorstwa na R\u00f3wninie Wo\u0142omi\u0144skiej (grupy defaworyzowane)\u201d, w ramach kt\u00f3rego mo\u017cna stara\u0107 si\u0119 o dofinansowanie w kwocie 50&nbsp;000 z\u0142.&nbsp; Jest to doskona\u0142a wiadomo\u015b\u0107 dla wszystkich, kt\u00f3rzy chc\u0105 za\u0142o\u017cy\u0107 w\u0142asn\u0105 dzia\u0142alno\u015b\u0107 i poszukuj\u0105 funduszy na start.<\/p>\n\n\n\n<p>Wszystkich zainteresowanych naborem zapraszamy do sk\u0142adania wniosk\u00f3w wraz z kompletem dokument\u00f3w w dniach 25.04.2022r. &#8211; 16.05.2022r. Pod linkiem znajduj\u0105 si\u0119 og\u0142oszenia o naborze wraz z za\u0142\u0105cznikami, kt\u00f3re nale\u017cy do\u0142\u0105czy\u0107 do wniosku:<strong> <\/strong><a href=\"http:\/\/www.lgdrw.pl\/2018\/32022,5799\">http:\/\/www.lgdrw.pl\/2018\/32022,5799<\/a>. <strong>&nbsp;<\/strong>Wi\u0119cej informacji mo\u017cna uzyska\u0107 na oficjalnej stronie Agencji Restrukturyzacji i&nbsp; Modernizacji Rolnictwa<strong> <\/strong><a href=\"http:\/\/www.arimr.gov.pl\">www.arimr.gov.pl<\/a>, w biurze LGD R\u00f3wniny Wo\u0142omi\u0144skiej w T\u0142uszczu oraz pod numerem telefonu 662 329&nbsp;278.<\/p>\n\n\n\n<figure class=\"wp-block-image size-full\"><img loading=\"lazy\" decoding=\"async\" width=\"960\" height=\"639\" src=\"https:\/\/naszpowiat.info\/wp-content\/uploads\/2022\/05\/LGD-2.jpg\" alt=\"\" class=\"wp-image-4079\" srcset=\"https:\/\/naszpowiat.info\/wp-content\/uploads\/2022\/05\/LGD-2.jpg 960w, https:\/\/naszpowiat.info\/wp-content\/uploads\/2022\/05\/LGD-2-300x200.jpg 300w, https:\/\/naszpowiat.info\/wp-content\/uploads\/2022\/05\/LGD-2-768x511.jpg 768w, https:\/\/naszpowiat.info\/wp-content\/uploads\/2022\/05\/LGD-2-465x310.jpg 465w, https:\/\/naszpowiat.info\/wp-content\/uploads\/2022\/05\/LGD-2-695x463.jpg 695w\" sizes=\"auto, (max-width: 960px) 100vw, 960px\" \/><\/figure>\n<div class=\"naszp-po-tresci\" id=\"naszp-915341698\"><script async src=\"\/\/pagead2.googlesyndication.com\/pagead\/js\/adsbygoogle.js?client=ca-pub-5304901113955943\" crossorigin=\"anonymous\"><\/script><ins class=\"adsbygoogle\" style=\"display:block;\" data-ad-client=\"ca-pub-5304901113955943\" \ndata-ad-slot=\"9226873542\" \ndata-ad-format=\"auto\"><\/ins>\n<script> \n(adsbygoogle = window.adsbygoogle || []).push({}); \n<\/script>\n<\/div>","protected":false},"excerpt":{"rendered":"<p>Od 4 kwietnia 2022r. Lokalna Grupa Dzia\u0142ania R\u00f3wniny Wo\u0142omi\u0144skiej og\u0142osi\u0142a nab\u00f3r nr 3\/2022 na przedsi\u0119wzi\u0119cie \u201eInnowacyjne przedsi\u0119biorstwa na R\u00f3wninie Wo\u0142omi\u0144skiej (grupy defaworyzowane)\u201d, w ramach kt\u00f3rego mo\u017cna stara\u0107 si\u0119 o dofinansowanie w kwocie 50&nbsp;000 z\u0142.&nbsp; Jest to doskona\u0142a wiadomo\u015b\u0107 dla wszystkich, kt\u00f3rzy chc\u0105 za\u0142o\u017cy\u0107 w\u0142asn\u0105 dzia\u0142alno\u015b\u0107 i poszukuj\u0105 funduszy na start.<span class=\"more-link\"><a href=\"https:\/\/naszpowiat.info\/index.php\/2022\/05\/17\/rusza-nabor-wnioskow-lokalnej-grupa-dzialania-rowniny-wolominskiej\/\">Czytaj dalej<\/a><\/span><\/p>\n","protected":false},"author":9,"featured_media":4078,"comment_status":"open","ping_status":"open","sticky":false,"template":"","format":"standard","meta":{"_monsterinsights_skip_tracking":false,"_monsterinsights_sitenote_active":false,"_monsterinsights_sitenote_note":"","_monsterinsights_sitenote_category":0,"footnotes":""},"categories":[123,31,58],"tags":[],"class_list":["entry","author-admin","post-4077","post","type-post","status-publish","format-standard","has-post-thumbnail","category-aktualnosci","category-powiaty-mazowieckiego","category-wolomin-wolominski"],"aioseo_notices":[],"_links":{"self":[{"href":"https:\/\/naszpowiat.info\/index.php\/wp-json\/wp\/v2\/posts\/4077","targetHints":{"allow":["GET"]}}],"collection":[{"href":"https:\/\/naszpowiat.info\/index.php\/wp-json\/wp\/v2\/posts"}],"about":[{"href":"https:\/\/naszpowiat.info\/index.php\/wp-json\/wp\/v2\/types\/post"}],"author":[{"embeddable":true,"href":"https:\/\/naszpowiat.info\/index.php\/wp-json\/wp\/v2\/users\/9"}],"replies":[{"embeddable":true,"href":"https:\/\/naszpowiat.info\/index.php\/wp-json\/wp\/v2\/comments?post=4077"}],"version-history":[{"count":1,"href":"https:\/\/naszpowiat.info\/index.php\/wp-json\/wp\/v2\/posts\/4077\/revisions"}],"predecessor-version":[{"id":4473,"href":"https:\/\/naszpowiat.info\/index.php\/wp-json\/wp\/v2\/posts\/4077\/revisions\/4473"}],"wp:featuredmedia":[{"embeddable":true,"href":"https:\/\/naszpowiat.info\/index.php\/wp-json\/wp\/v2\/media\/4078"}],"wp:attachment":[{"href":"https:\/\/naszpowiat.info\/index.php\/wp-json\/wp\/v2\/media?parent=4077"}],"wp:term":[{"taxonomy":"category","embeddable":true,"href":"https:\/\/naszpowiat.info\/index.php\/wp-json\/wp\/v2\/categories?post=4077"},{"taxonomy":"post_tag","embeddable":true,"href":"https:\/\/naszpowiat.info\/index.php\/wp-json\/wp\/v2\/tags?post=4077"}],"curies":[{"name":"wp","href":"https:\/\/api.w.org\/{rel}","templated":true}]}}