{"id":4001,"date":"2022-03-18T07:41:00","date_gmt":"2022-03-18T07:41:00","guid":{"rendered":"https:\/\/naszpowiat.online\/?p=4001"},"modified":"2022-07-27T11:31:00","modified_gmt":"2022-07-27T11:31:00","slug":"juz-teraz-e-hulajnogi-triem-dostepne-w-milanowku","status":"publish","type":"post","link":"https:\/\/naszpowiat.info\/index.php\/2022\/03\/18\/juz-teraz-e-hulajnogi-triem-dostepne-w-milanowku\/","title":{"rendered":"Ju\u017c teraz E-hulajnogi TRIEM dost\u0119pne w Milan\u00f3wku"},"content":{"rendered":"\n<p><strong>W\u0142adze miasta Milan\u00f3wek 10 marca &nbsp;podpisa\u0142y umow\u0119 z&nbsp;firm\u0105 TIER \u2013 europejskim liderem wsp\u00f3\u0142dzielonej mikromobilno\u015bci. Dzi\u0119ki tej inicjatywie na ulicach miasta pojawi si\u0119 100 w&nbsp;pe\u0142ni neutralnych klimatycznych e-hulajn\u00f3g.<\/strong><\/p>\n\n\n\n<p>E-hulajnogi TIER to najnowsza generacja tych pojazd\u00f3w, wyposa\u017cona w&nbsp;szerok\u0105 podstaw\u0119, du\u017ce ko\u0142a, podw\u00f3jne amortyzatory, podw\u00f3jne hamulce oraz wymienne baterie, kt\u00f3re mo\u017cna wymieni\u0107 na miejscu bez konieczno\u015bci przewo\u017cenia do magazynu ca\u0142ych pojazd\u00f3w. Poza wygodnym i&nbsp;bezpiecznym przemieszczaniem si\u0119 w&nbsp;obr\u0119bie miasta, mieszka\u0144cy mog\u0105 e-hulajnog\u0105 przejecha\u0107 tak\u017ce z&nbsp;Milan\u00f3wka do Grodziska Mazowieckiego, w&nbsp;kt\u00f3rym r\u00f3wnie\u017c dost\u0119pne s\u0105 pojazdy operatora. Minuta jazdy e-hulajnog\u0105 TIER kosztuje 59 groszy, natomiast op\u0142ata za odblokowanie hulajnogi wynosi 2,50 z\u0142.<\/p>\n\n\n\n<p>Operator zach\u0119ca mieszka\u0144c\u00f3w Milan\u00f3wka do zmiany nawyk\u00f3w na bardziej proekologiczne oraz nieustannie przypomina o&nbsp;zasadach bezpiecze\u0144stwa jazdy. W celu zapewnienia najwy\u017cszego bezpiecze\u0144stwa wszystkim u\u017cytkownikom dr\u00f3g, hulajnog\u0119 nale\u017cy zaparkowa\u0107 w&nbsp;miejscu do tego przeznaczonym, a&nbsp;je\u015bli takiego miejsca nie ma \u2013 jak najbli\u017cej zewn\u0119trznej kraw\u0119dzi chodnika (oddalonej od jezdni). Szeroko\u015b\u0107 pozostawiona dla pieszych nie mo\u017ce by\u0107 mniejsza ni\u017c 1,5 metra.<\/p>\n\n\n\n<p><strong>Serdecznie zach\u0119camy do wypr\u00f3bowania e-hulajn\u00f3g i&nbsp;zmiany mobilno\u015bci na dobre razem z&nbsp;TIER!<\/strong><\/p>\n\n\n\n<p>\u0179r\u00f3d\u0142o: Gmina Milan\u00f3wek <a href=\"https:\/\/www.milanowek.pl\/strefa-mieszkanca\/urzad-miasta\/aktualnosci\/15767-e-hulajnogi-tier-w-milanowku\">https:\/\/www.milanowek.pl\/strefa-mieszkanca\/urzad-miasta\/aktualnosci\/15767-e-hulajnogi-tier-w-milanowku<\/a> <\/p>\n\n\n\n<figure class=\"wp-block-image size-large\"><img loading=\"lazy\" decoding=\"async\" width=\"1024\" height=\"680\" src=\"https:\/\/naszpowiat.info\/wp-content\/uploads\/2022\/04\/TIER-Scooters-c-TIER-Mobility-1024x680.png\" alt=\"\" class=\"wp-image-4002\" srcset=\"https:\/\/naszpowiat.info\/wp-content\/uploads\/2022\/04\/TIER-Scooters-c-TIER-Mobility-1024x680.png 1024w, https:\/\/naszpowiat.info\/wp-content\/uploads\/2022\/04\/TIER-Scooters-c-TIER-Mobility-300x199.png 300w, https:\/\/naszpowiat.info\/wp-content\/uploads\/2022\/04\/TIER-Scooters-c-TIER-Mobility-768x510.png 768w, https:\/\/naszpowiat.info\/wp-content\/uploads\/2022\/04\/TIER-Scooters-c-TIER-Mobility-465x309.png 465w, https:\/\/naszpowiat.info\/wp-content\/uploads\/2022\/04\/TIER-Scooters-c-TIER-Mobility-695x462.png 695w, https:\/\/naszpowiat.info\/wp-content\/uploads\/2022\/04\/TIER-Scooters-c-TIER-Mobility.png 1390w\" sizes=\"auto, (max-width: 1024px) 100vw, 1024px\" \/><\/figure>\n<div class=\"naszp-po-tresci\" id=\"naszp-2887796429\"><script async src=\"\/\/pagead2.googlesyndication.com\/pagead\/js\/adsbygoogle.js?client=ca-pub-5304901113955943\" crossorigin=\"anonymous\"><\/script><ins class=\"adsbygoogle\" style=\"display:block;\" data-ad-client=\"ca-pub-5304901113955943\" \ndata-ad-slot=\"9226873542\" \ndata-ad-format=\"auto\"><\/ins>\n<script> \n(adsbygoogle = window.adsbygoogle || []).push({}); \n<\/script>\n<\/div>","protected":false},"excerpt":{"rendered":"<p>W\u0142adze miasta Milan\u00f3wek 10 marca &nbsp;podpisa\u0142y umow\u0119 z&nbsp;firm\u0105 TIER \u2013 europejskim liderem wsp\u00f3\u0142dzielonej mikromobilno\u015bci. Dzi\u0119ki tej inicjatywie na ulicach miasta pojawi si\u0119 100 w&nbsp;pe\u0142ni neutralnych klimatycznych e-hulajn\u00f3g. E-hulajnogi TIER to najnowsza generacja tych pojazd\u00f3w, wyposa\u017cona w&nbsp;szerok\u0105 podstaw\u0119, du\u017ce ko\u0142a, podw\u00f3jne amortyzatory, podw\u00f3jne hamulce oraz wymienne baterie, kt\u00f3re mo\u017cna wymieni\u0107 na<span class=\"more-link\"><a href=\"https:\/\/naszpowiat.info\/index.php\/2022\/03\/18\/juz-teraz-e-hulajnogi-triem-dostepne-w-milanowku\/\">Czytaj dalej<\/a><\/span><\/p>\n","protected":false},"author":9,"featured_media":4003,"comment_status":"open","ping_status":"open","sticky":false,"template":"","format":"standard","meta":{"_monsterinsights_skip_tracking":false,"_monsterinsights_sitenote_active":false,"_monsterinsights_sitenote_note":"","_monsterinsights_sitenote_category":0,"footnotes":""},"categories":[123,100,32,31],"tags":[],"class_list":["entry","author-admin","post-4001","post","type-post","status-publish","format-standard","has-post-thumbnail","category-aktualnosci","category-milanowek","category-grodziski","category-powiaty-mazowieckiego"],"aioseo_notices":[],"_links":{"self":[{"href":"https:\/\/naszpowiat.info\/index.php\/wp-json\/wp\/v2\/posts\/4001","targetHints":{"allow":["GET"]}}],"collection":[{"href":"https:\/\/naszpowiat.info\/index.php\/wp-json\/wp\/v2\/posts"}],"about":[{"href":"https:\/\/naszpowiat.info\/index.php\/wp-json\/wp\/v2\/types\/post"}],"author":[{"embeddable":true,"href":"https:\/\/naszpowiat.info\/index.php\/wp-json\/wp\/v2\/users\/9"}],"replies":[{"embeddable":true,"href":"https:\/\/naszpowiat.info\/index.php\/wp-json\/wp\/v2\/comments?post=4001"}],"version-history":[{"count":1,"href":"https:\/\/naszpowiat.info\/index.php\/wp-json\/wp\/v2\/posts\/4001\/revisions"}],"predecessor-version":[{"id":4447,"href":"https:\/\/naszpowiat.info\/index.php\/wp-json\/wp\/v2\/posts\/4001\/revisions\/4447"}],"wp:featuredmedia":[{"embeddable":true,"href":"https:\/\/naszpowiat.info\/index.php\/wp-json\/wp\/v2\/media\/4003"}],"wp:attachment":[{"href":"https:\/\/naszpowiat.info\/index.php\/wp-json\/wp\/v2\/media?parent=4001"}],"wp:term":[{"taxonomy":"category","embeddable":true,"href":"https:\/\/naszpowiat.info\/index.php\/wp-json\/wp\/v2\/categories?post=4001"},{"taxonomy":"post_tag","embeddable":true,"href":"https:\/\/naszpowiat.info\/index.php\/wp-json\/wp\/v2\/tags?post=4001"}],"curies":[{"name":"wp","href":"https:\/\/api.w.org\/{rel}","templated":true}]}}