{"id":3848,"date":"2022-03-29T13:46:05","date_gmt":"2022-03-29T13:46:05","guid":{"rendered":"https:\/\/naszpowiat.online\/?p=3848"},"modified":"2022-07-27T11:32:51","modified_gmt":"2022-07-27T11:32:51","slug":"zaproszenia-na-dzien-kultury-wegierskiej-w-wolominie%ef%bf%bc","status":"publish","type":"post","link":"https:\/\/naszpowiat.info\/index.php\/2022\/03\/29\/zaproszenia-na-dzien-kultury-wegierskiej-w-wolominie%ef%bf%bc\/","title":{"rendered":"Zaproszenia na Dzie\u0144 Kultury W\u0119gierskiej w Wo\u0142ominie\ufffc"},"content":{"rendered":"\n<p><strong>Dyrekcja Powiatowej Biblioteki Publicznej im. Heleny i Stefana Nasfeter<\/strong><strong>\u00f3w w Wo\u0142ominie serdecznie&nbsp; zaprasza na Dzie\u0144 Kultury W\u0119gierskiej, kt<\/strong><strong>\u00f3ry odb\u0119dzie si\u0119 w dniu 23 marca 2022 r. (\u015broda) o godzinie 17:30 w budynku Biblioteki.<\/strong><\/p>\n\n\n\n<p>Jak zapowiadaj\u0105 organizatorzy, g\u0142\u00f3wnym punktem wieczoru b\u0119dzie wyk\u0142ad, kt\u00f3ry wyg\u0142osi dr hab. G\u00e1bor Lagzi, dyrektor Instytutu Liszta \u2013 W\u0119gierskie Centrum Kultury Warszawa Liszt Int\u00e9zet &#8211; Magyar Kultur\u00e1lis K\u00f6zpont Vars\u00f3 przy Ambasadzie W\u0119gier. Podczas spotkania zostan\u0105 przedstawione wybrane aspekty dziedzictwa kulturowego W\u0119gier.<\/p>\n\n\n\n<p>Wydarzenie odb\u0119dzie si\u0119 pod Patronatem Honorowym Starosty Wo\u0142omi\u0144skiego Adama Lubiaka.<\/p>\n\n\n\n<p>Serdecznie zapraszamy!<\/p>\n<div class=\"naszp-po-tresci\" id=\"naszp-856189560\"><script async src=\"\/\/pagead2.googlesyndication.com\/pagead\/js\/adsbygoogle.js?client=ca-pub-5304901113955943\" crossorigin=\"anonymous\"><\/script><ins class=\"adsbygoogle\" style=\"display:block;\" data-ad-client=\"ca-pub-5304901113955943\" \ndata-ad-slot=\"9226873542\" \ndata-ad-format=\"auto\"><\/ins>\n<script> \n(adsbygoogle = window.adsbygoogle || []).push({}); \n<\/script>\n<\/div>","protected":false},"excerpt":{"rendered":"<p>Dyrekcja Powiatowej Biblioteki Publicznej im. Heleny i Stefana Nasfeter\u00f3w w Wo\u0142ominie serdecznie&nbsp; zaprasza na Dzie\u0144 Kultury W\u0119gierskiej, kt\u00f3ry odb\u0119dzie si\u0119 w dniu 23 marca 2022 r. (\u015broda) o godzinie 17:30 w budynku Biblioteki. Jak zapowiadaj\u0105 organizatorzy, g\u0142\u00f3wnym punktem wieczoru b\u0119dzie wyk\u0142ad, kt\u00f3ry wyg\u0142osi dr hab. G\u00e1bor Lagzi, dyrektor Instytutu Liszta<span class=\"more-link\"><a href=\"https:\/\/naszpowiat.info\/index.php\/2022\/03\/29\/zaproszenia-na-dzien-kultury-wegierskiej-w-wolominie%ef%bf%bc\/\">Czytaj dalej<\/a><\/span><\/p>\n","protected":false},"author":9,"featured_media":3851,"comment_status":"open","ping_status":"open","sticky":false,"template":"","format":"standard","meta":{"_monsterinsights_skip_tracking":false,"_monsterinsights_sitenote_active":false,"_monsterinsights_sitenote_note":"","_monsterinsights_sitenote_category":0,"footnotes":""},"categories":[123,30,40,31,57,58,59],"tags":[],"class_list":["entry","author-admin","post-3848","post","type-post","status-publish","format-standard","has-post-thumbnail","category-aktualnosci","category-kultura","category-wolominski","category-powiaty-mazowieckiego","category-wolomin","category-wolomin-wolominski","category-wydarzenia"],"aioseo_notices":[],"_links":{"self":[{"href":"https:\/\/naszpowiat.info\/index.php\/wp-json\/wp\/v2\/posts\/3848","targetHints":{"allow":["GET"]}}],"collection":[{"href":"https:\/\/naszpowiat.info\/index.php\/wp-json\/wp\/v2\/posts"}],"about":[{"href":"https:\/\/naszpowiat.info\/index.php\/wp-json\/wp\/v2\/types\/post"}],"author":[{"embeddable":true,"href":"https:\/\/naszpowiat.info\/index.php\/wp-json\/wp\/v2\/users\/9"}],"replies":[{"embeddable":true,"href":"https:\/\/naszpowiat.info\/index.php\/wp-json\/wp\/v2\/comments?post=3848"}],"version-history":[{"count":1,"href":"https:\/\/naszpowiat.info\/index.php\/wp-json\/wp\/v2\/posts\/3848\/revisions"}],"predecessor-version":[{"id":4457,"href":"https:\/\/naszpowiat.info\/index.php\/wp-json\/wp\/v2\/posts\/3848\/revisions\/4457"}],"wp:featuredmedia":[{"embeddable":true,"href":"https:\/\/naszpowiat.info\/index.php\/wp-json\/wp\/v2\/media\/3851"}],"wp:attachment":[{"href":"https:\/\/naszpowiat.info\/index.php\/wp-json\/wp\/v2\/media?parent=3848"}],"wp:term":[{"taxonomy":"category","embeddable":true,"href":"https:\/\/naszpowiat.info\/index.php\/wp-json\/wp\/v2\/categories?post=3848"},{"taxonomy":"post_tag","embeddable":true,"href":"https:\/\/naszpowiat.info\/index.php\/wp-json\/wp\/v2\/tags?post=3848"}],"curies":[{"name":"wp","href":"https:\/\/api.w.org\/{rel}","templated":true}]}}