{"id":3843,"date":"2022-03-29T13:39:27","date_gmt":"2022-03-29T13:39:27","guid":{"rendered":"https:\/\/naszpowiat.online\/?p=3843"},"modified":"2022-07-27T11:32:43","modified_gmt":"2022-07-27T11:32:43","slug":"prace-konserwatorskie-na-cmentarzu-szkockich-osadnikow-w-jadowie%ef%bf%bc","status":"publish","type":"post","link":"https:\/\/naszpowiat.info\/index.php\/2022\/03\/29\/prace-konserwatorskie-na-cmentarzu-szkockich-osadnikow-w-jadowie%ef%bf%bc\/","title":{"rendered":"Prace konserwatorskie na cmentarzu szkockich osadnik\u00f3w w Jadowie"},"content":{"rendered":"\n<p><strong>Bardzo dobra nowina dla wszystkich mieszka\u0144c<\/strong><strong>\u00f3<\/strong><strong>w i sympatyk<\/strong><strong>\u00f3<\/strong><strong>w ziemi jadowskiej. Tamtejsze Stowarzyszenie Historyczne poinformowa\u0142<\/strong><strong>o, <\/strong><strong>\u017ce Mazowiecki Wojew<\/strong><strong>\u00f3<\/strong><strong>dzki Konserwator Zabytk<\/strong><strong>\u00f3<\/strong><strong>w udzieli\u0142 100% dotacji na przeprowadzenie prac konserwatorskich nagrobka Catherine Hay na cmentarzu szkockich osadnik<\/strong><strong>\u00f3<\/strong><strong>w znajduj\u0105cym si\u0119 przy drodze z Jadowa do Dzier\u017canowa. <\/strong><strong><\/strong><\/p>\n\n\n\n<p>O ratowanie jadowskiego cmentarza apelowa\u0142y ju\u017c od dawna organizacje samorz\u0105dowe i lokalni dzia\u0142acze. Z uwagi na fakt, \u017ce jest to obecnie jedyny \u015blad jaki pozosta\u0142 po osadnikach szkockich sprowadzonych do Jadowa, Nowinek i Strach\u00f3wki przez w\u0142a\u015bciciela tych ziem, Andrzeja Zamoyskiego w po\u0142owie XIX stulecia. W wydanym w 1882 r. s\u0142owniku geograficznym Kr\u00f3lestwa Polskiego i innych kraj\u00f3w s\u0142owia\u0144skich w tomie trzecim, widnieje informacja:<\/p>\n\n\n\n<p><em>Jad<\/em><em>\u00f3<\/em><em>w nale\u017cy do d<\/em><em>\u00f3<\/em><em>br hr. Zamoyskich, kt<\/em><em>\u00f3<\/em><em>rzy za\u0142o\u017cyli tu w 1823 r. fabryki sukna, papieru i perkali<\/em><em>\u00f3<\/em><em>w, a jednocze\u015bnie wystarali si\u0119 o podniesienie Jadowa do rz\u0119du miast. Po 1831 r. upad\u0142y jednak te fabryki. Oko\u0142o 1861 r. istnia\u0142y tu fabryki wyrob<\/em><em>\u00f3<\/em><em>w miedzianych, bawe\u0142nianych, p\u0142\u00f3tna i ta\u0142es<\/em><em>\u00f3<\/em><em>w, ma\u0142ych jednak rozmiar<\/em><em>\u00f3<\/em><em>w.<\/em><em><\/em><\/p>\n\n\n\n<p>Po upadku fabryk cz\u0119\u015b\u0107 przybysz\u00f3w opu\u015bci\u0142a te tereny w poszukiwaniu nowego zatrudnienia, a cz\u0119\u015b\u0107 zosta\u0142a na miejscu. Wraz z up\u0142ywem lat przybyli Szkoci polonizowali si\u0119, \u017cyj\u0105c w\u015br\u00f3d miejscowej ludno\u015bci. Ich cmentarz zosta\u0142 za\u0142o\u017cony na ma\u0142ym wzniesieniu przy drodze do Dzier\u017canowa. Na przestrzeni dekad miejsce popad\u0142o w zapomnienie, a nagrobki pada\u0142y ofiar\u0105 grabie\u017cy. Z dawnego cmentarza zosta\u0142y zaledwie szcz\u0105tki, dlatego to ostatni moment aby przeprowadzi\u0107 gruntown\u0105 renowacj\u0119.&nbsp; Lokalni mieszka\u0144cy podaj\u0105, \u017ce jeszcze kilkana\u015bcie lat temu by\u0142o ich o wiele wi\u0119cej. Jeden, nieistniej\u0105cy ju\u017c nagrobek nale\u017ca\u0142 m.in. do Waltera Govenlocka. Obecnie w okresie letnim miejsce jest bardzo trudne do odnalezienia. W odleg\u0142o\u015bci kilkunastu metr\u00f3w wida\u0107 pozosta\u0142o\u015bci po reszcie grob\u00f3w i grot\u0119, w kt\u00f3rej wedle relacji miejscowych znajdowa\u0142y si\u0119 niegdy\u015b miedziane, trumienne podobizny pochowanych Szkot\u00f3w. Jedynym obecnie zachowanym pomnikiem jest ten, nale\u017c\u0105cy do Catherine Hay opatrzony dwuj\u0119zyczn\u0105 inskrypcj\u0105 po\u015bwi\u0119con\u0105 pami\u0119ci zmar\u0142ej. Jadowskie Stowarzyszenie Historyczne poinformowa\u0142o, \u017ce odnowiony nagrobek b\u0119dzie mo\u017cna podziwia\u0107 ju\u017c 9 lipca br. w czasie obchod\u00f3w Dnia Szkockiego.<\/p>\n<div class=\"naszp-po-tresci\" id=\"naszp-3782955589\"><script async src=\"\/\/pagead2.googlesyndication.com\/pagead\/js\/adsbygoogle.js?client=ca-pub-5304901113955943\" crossorigin=\"anonymous\"><\/script><ins class=\"adsbygoogle\" style=\"display:block;\" data-ad-client=\"ca-pub-5304901113955943\" \ndata-ad-slot=\"9226873542\" \ndata-ad-format=\"auto\"><\/ins>\n<script> \n(adsbygoogle = window.adsbygoogle || []).push({}); \n<\/script>\n<\/div>","protected":false},"excerpt":{"rendered":"<p>Bardzo dobra nowina dla wszystkich mieszka\u0144c\u00f3w i sympatyk\u00f3w ziemi jadowskiej. Tamtejsze Stowarzyszenie Historyczne poinformowa\u0142o, \u017ce Mazowiecki Wojew\u00f3dzki Konserwator Zabytk\u00f3w udzieli\u0142 100% dotacji na przeprowadzenie prac konserwatorskich nagrobka Catherine Hay na cmentarzu szkockich osadnik\u00f3w znajduj\u0105cym si\u0119 przy drodze z Jadowa do Dzier\u017canowa. O ratowanie jadowskiego cmentarza apelowa\u0142y ju\u017c od dawna organizacje<span class=\"more-link\"><a href=\"https:\/\/naszpowiat.info\/index.php\/2022\/03\/29\/prace-konserwatorskie-na-cmentarzu-szkockich-osadnikow-w-jadowie%ef%bf%bc\/\">Czytaj dalej<\/a><\/span><\/p>\n","protected":false},"author":9,"featured_media":3844,"comment_status":"open","ping_status":"open","sticky":false,"template":"","format":"standard","meta":{"_monsterinsights_skip_tracking":false,"_monsterinsights_sitenote_active":false,"_monsterinsights_sitenote_note":"","_monsterinsights_sitenote_category":0,"footnotes":""},"categories":[123,78,81,30,40,31],"tags":[],"class_list":["entry","author-admin","post-3843","post","type-post","status-publish","format-standard","has-post-thumbnail","category-aktualnosci","category-historia","category-jadow","category-kultura","category-wolominski","category-powiaty-mazowieckiego"],"aioseo_notices":[],"_links":{"self":[{"href":"https:\/\/naszpowiat.info\/index.php\/wp-json\/wp\/v2\/posts\/3843","targetHints":{"allow":["GET"]}}],"collection":[{"href":"https:\/\/naszpowiat.info\/index.php\/wp-json\/wp\/v2\/posts"}],"about":[{"href":"https:\/\/naszpowiat.info\/index.php\/wp-json\/wp\/v2\/types\/post"}],"author":[{"embeddable":true,"href":"https:\/\/naszpowiat.info\/index.php\/wp-json\/wp\/v2\/users\/9"}],"replies":[{"embeddable":true,"href":"https:\/\/naszpowiat.info\/index.php\/wp-json\/wp\/v2\/comments?post=3843"}],"version-history":[{"count":1,"href":"https:\/\/naszpowiat.info\/index.php\/wp-json\/wp\/v2\/posts\/3843\/revisions"}],"predecessor-version":[{"id":4456,"href":"https:\/\/naszpowiat.info\/index.php\/wp-json\/wp\/v2\/posts\/3843\/revisions\/4456"}],"wp:featuredmedia":[{"embeddable":true,"href":"https:\/\/naszpowiat.info\/index.php\/wp-json\/wp\/v2\/media\/3844"}],"wp:attachment":[{"href":"https:\/\/naszpowiat.info\/index.php\/wp-json\/wp\/v2\/media?parent=3843"}],"wp:term":[{"taxonomy":"category","embeddable":true,"href":"https:\/\/naszpowiat.info\/index.php\/wp-json\/wp\/v2\/categories?post=3843"},{"taxonomy":"post_tag","embeddable":true,"href":"https:\/\/naszpowiat.info\/index.php\/wp-json\/wp\/v2\/tags?post=3843"}],"curies":[{"name":"wp","href":"https:\/\/api.w.org\/{rel}","templated":true}]}}