{"id":3784,"date":"2022-03-01T14:14:00","date_gmt":"2022-03-01T14:14:00","guid":{"rendered":"https:\/\/naszpowiat.online\/?p=3784"},"modified":"2022-07-27T11:29:24","modified_gmt":"2022-07-27T11:29:24","slug":"xviii-pielgrzymka-samorzadowcow-z-powiatu-wolominskiego-na-jasna-gore","status":"publish","type":"post","link":"https:\/\/naszpowiat.info\/index.php\/2022\/03\/01\/xviii-pielgrzymka-samorzadowcow-z-powiatu-wolominskiego-na-jasna-gore\/","title":{"rendered":"XVIII pielgrzymka samorz\u0105dowc\u00f3w z powiatu wo\u0142omi\u0144skiego na Jasn\u0105 G\u00f3r\u0119"},"content":{"rendered":"\n<p><strong>W pierwsz\u0105 sobot\u0119 lutego odby\u0142a si\u0119 coroczna pielgrzymka samorz\u0105dowc\u00f3w z terenu powiatu wo\u0142omi\u0144skiego na Jasn\u0105 G\u00f3r\u0119. Ju\u017c po raz 18. przedstawiciele urz\u0119d\u00f3w i w\u0142adz lokalnych zawierzyli powiat wo\u0142omi\u0144ski i jego mieszka\u0144c\u00f3w pod opiek\u0119 Niepokalanemu Sercu Maryi Kr\u00f3lowej Polski.<\/strong><\/p>\n\n\n\n<p>W tym roku na Jasn\u0105 G\u00f3r\u0119 uda\u0142a si\u0119 delegacja ponad 60 samorz\u0105dowc\u00f3w na czele z wicestarost\u0105 Piotrem Borczy\u0144skim. Mszy \u015awi\u0119tej przewodniczy\u0142 i homili\u0119 wyg\u0142osi\u0142 biskup pomocniczy Diecezji Warszawsko-Praskiej Jacek Grzybowski.<\/p>\n\n\n\n<p>&#8211; <em>Ta pielgrzymka to pi\u0119kny znak tego, \u017ce ludzie pracuj\u0105cy w s\u0142u\u017cbie publicznej, czyli ci kt\u00f3rzy s\u0105 we wszystkich sprawach istotnych dla dzia\u0142ania miast, gmin, wsi, chc\u0105 powierza\u0107 swoje troski, swoj\u0105 prac\u0119, problemy, wielkie i trudne wyzwania Matce Bo\u017cej. To wielka rado\u015b\u0107, \u017ce samorz\u0105dowcy kontynuuj\u0105 ten zwyczaj &#8211; powiedzia\u0142 w homilii biskup Grzybowski.<\/em><\/p>\n\n\n\n<p>Akt Odnowienia Zawierzenia Niepokalanemu Sercu Maryi Kr\u00f3lowej Polski samorz\u0105dowc\u00f3w kadencji 2018-2023 i mieszka\u0144c\u00f3w Powiatu Wo\u0142omi\u0144skiego odnowi\u0142 w imieniu starosty Adama Lubiaka &#8211; wicestarosta Piotr Borczy\u0144ski.<\/p>\n\n\n\n<p>&#8211; <em>Jak co roku pe\u0142ni wdzi\u0119czno\u015bci za opiek\u0119 Twoj\u0105, stajemy w pokorze i za wzorem \u015awi\u0119tego Jana Paw\u0142a II i B\u0142ogos\u0142awionego Kardyna\u0142a Stefana Wyszy\u0144skiego, w obecno\u015bci Anio\u0142\u00f3w i \u015awi\u0119tych, M\u0119czennik\u00f3w i Patron\u00f3w Polski. (\u2026) Zawierzam Tobie Matko Bo\u017ca w\u0142adze samorz\u0105dowe Powiatu Wo\u0142omi\u0144skiego, radnych powiatowych i gminnych, wszystkich przedstawicieli w\u0142adzy by\u0142ej, obecnej i przysz\u0142ej, pracownik\u00f3w urz\u0119d\u00f3w, instytucji, zak\u0142ad\u00f3w pracy, plac\u00f3wek o\u015bwiatowo-wychowawczych, s\u0142u\u017cby zdrowia \u2013 <\/em>odczyta\u0142 tre\u015b\u0107 Aktu Odnowienia wicestarosta Piotr Borczy\u0144ski. W pielgrzymce wzi\u0119li udzia\u0142 przedstawiciele 12 gmin wchodz\u0105cych w sk\u0142ad powiatu wo\u0142omi\u0144skiego.<\/p>\n\n\n\n<figure class=\"wp-block-gallery has-nested-images columns-default is-cropped wp-block-gallery-1 is-layout-flex wp-block-gallery-is-layout-flex\">\n<figure class=\"wp-block-image size-large\"><img loading=\"lazy\" decoding=\"async\" width=\"1024\" height=\"683\" data-id=\"3785\" src=\"https:\/\/naszpowiat.info\/wp-content\/uploads\/2022\/03\/Jasna-Gora-1-1024x683.jpg\" alt=\"\" class=\"wp-image-3785\" srcset=\"https:\/\/naszpowiat.info\/wp-content\/uploads\/2022\/03\/Jasna-Gora-1-1024x683.jpg 1024w, https:\/\/naszpowiat.info\/wp-content\/uploads\/2022\/03\/Jasna-Gora-1-300x200.jpg 300w, https:\/\/naszpowiat.info\/wp-content\/uploads\/2022\/03\/Jasna-Gora-1-768x512.jpg 768w, https:\/\/naszpowiat.info\/wp-content\/uploads\/2022\/03\/Jasna-Gora-1-1536x1024.jpg 1536w, https:\/\/naszpowiat.info\/wp-content\/uploads\/2022\/03\/Jasna-Gora-1-465x310.jpg 465w, https:\/\/naszpowiat.info\/wp-content\/uploads\/2022\/03\/Jasna-Gora-1-695x463.jpg 695w, https:\/\/naszpowiat.info\/wp-content\/uploads\/2022\/03\/Jasna-Gora-1.jpg 1620w\" sizes=\"auto, (max-width: 1024px) 100vw, 1024px\" \/><\/figure>\n\n\n\n<figure class=\"wp-block-image size-large\"><img decoding=\"async\" data-id=\"3788\" src=\"https:\/\/naszpowiat.online\/wp-content\/uploads\/2022\/03\/Jasna-Gora-2-1024x576.jpg\" alt=\"\" class=\"wp-image-3788\"\/><\/figure>\n\n\n\n<figure class=\"wp-block-image size-large\"><img loading=\"lazy\" decoding=\"async\" width=\"1024\" height=\"683\" data-id=\"3786\" src=\"https:\/\/naszpowiat.info\/wp-content\/uploads\/2022\/03\/Jasna-Gora-3-1024x683.jpg\" alt=\"\" class=\"wp-image-3786\" srcset=\"https:\/\/naszpowiat.info\/wp-content\/uploads\/2022\/03\/Jasna-Gora-3-1024x683.jpg 1024w, https:\/\/naszpowiat.info\/wp-content\/uploads\/2022\/03\/Jasna-Gora-3-300x200.jpg 300w, https:\/\/naszpowiat.info\/wp-content\/uploads\/2022\/03\/Jasna-Gora-3-768x512.jpg 768w, https:\/\/naszpowiat.info\/wp-content\/uploads\/2022\/03\/Jasna-Gora-3-1536x1024.jpg 1536w, https:\/\/naszpowiat.info\/wp-content\/uploads\/2022\/03\/Jasna-Gora-3-465x310.jpg 465w, https:\/\/naszpowiat.info\/wp-content\/uploads\/2022\/03\/Jasna-Gora-3-695x463.jpg 695w, https:\/\/naszpowiat.info\/wp-content\/uploads\/2022\/03\/Jasna-Gora-3.jpg 1960w\" sizes=\"auto, (max-width: 1024px) 100vw, 1024px\" \/><\/figure>\n\n\n\n<figure class=\"wp-block-image size-large\"><img decoding=\"async\" data-id=\"3787\" src=\"https:\/\/naszpowiat.online\/wp-content\/uploads\/2022\/03\/Jasna-Gora-4-724x1024.jpg\" alt=\"\" class=\"wp-image-3787\"\/><\/figure>\n<\/figure>\n<div class=\"naszp-po-tresci\" id=\"naszp-3410812407\"><script async src=\"\/\/pagead2.googlesyndication.com\/pagead\/js\/adsbygoogle.js?client=ca-pub-5304901113955943\" crossorigin=\"anonymous\"><\/script><ins class=\"adsbygoogle\" style=\"display:block;\" data-ad-client=\"ca-pub-5304901113955943\" \ndata-ad-slot=\"9226873542\" \ndata-ad-format=\"auto\"><\/ins>\n<script> \n(adsbygoogle = window.adsbygoogle || []).push({}); \n<\/script>\n<\/div>","protected":false},"excerpt":{"rendered":"<p>W pierwsz\u0105 sobot\u0119 lutego odby\u0142a si\u0119 coroczna pielgrzymka samorz\u0105dowc\u00f3w z terenu powiatu wo\u0142omi\u0144skiego na Jasn\u0105 G\u00f3r\u0119. Ju\u017c po raz 18. przedstawiciele urz\u0119d\u00f3w i w\u0142adz lokalnych zawierzyli powiat wo\u0142omi\u0144ski i jego mieszka\u0144c\u00f3w pod opiek\u0119 Niepokalanemu Sercu Maryi Kr\u00f3lowej Polski. W tym roku na Jasn\u0105 G\u00f3r\u0119 uda\u0142a si\u0119 delegacja ponad 60 samorz\u0105dowc\u00f3w<span class=\"more-link\"><a href=\"https:\/\/naszpowiat.info\/index.php\/2022\/03\/01\/xviii-pielgrzymka-samorzadowcow-z-powiatu-wolominskiego-na-jasna-gore\/\">Czytaj dalej<\/a><\/span><\/p>\n","protected":false},"author":9,"featured_media":3785,"comment_status":"open","ping_status":"open","sticky":false,"template":"","format":"standard","meta":{"_monsterinsights_skip_tracking":false,"_monsterinsights_sitenote_active":false,"_monsterinsights_sitenote_note":"","_monsterinsights_sitenote_category":0,"footnotes":""},"categories":[123,72,81,88,89,98,114,40,31,43,51,54,58,62,65],"tags":[],"class_list":["entry","author-admin","post-3784","post","type-post","status-publish","format-standard","has-post-thumbnail","category-aktualnosci","category-dabrowka","category-jadow","category-klembow","category-kobylka","category-marki","category-poswietne","category-wolominski","category-powiaty-mazowieckiego","category-radzymin","category-strachowka","category-tluszcz","category-wolomin-wolominski","category-zabki-wolominski","category-zielonka-wolominski"],"aioseo_notices":[],"_links":{"self":[{"href":"https:\/\/naszpowiat.info\/index.php\/wp-json\/wp\/v2\/posts\/3784","targetHints":{"allow":["GET"]}}],"collection":[{"href":"https:\/\/naszpowiat.info\/index.php\/wp-json\/wp\/v2\/posts"}],"about":[{"href":"https:\/\/naszpowiat.info\/index.php\/wp-json\/wp\/v2\/types\/post"}],"author":[{"embeddable":true,"href":"https:\/\/naszpowiat.info\/index.php\/wp-json\/wp\/v2\/users\/9"}],"replies":[{"embeddable":true,"href":"https:\/\/naszpowiat.info\/index.php\/wp-json\/wp\/v2\/comments?post=3784"}],"version-history":[{"count":1,"href":"https:\/\/naszpowiat.info\/index.php\/wp-json\/wp\/v2\/posts\/3784\/revisions"}],"predecessor-version":[{"id":4439,"href":"https:\/\/naszpowiat.info\/index.php\/wp-json\/wp\/v2\/posts\/3784\/revisions\/4439"}],"wp:featuredmedia":[{"embeddable":true,"href":"https:\/\/naszpowiat.info\/index.php\/wp-json\/wp\/v2\/media\/3785"}],"wp:attachment":[{"href":"https:\/\/naszpowiat.info\/index.php\/wp-json\/wp\/v2\/media?parent=3784"}],"wp:term":[{"taxonomy":"category","embeddable":true,"href":"https:\/\/naszpowiat.info\/index.php\/wp-json\/wp\/v2\/categories?post=3784"},{"taxonomy":"post_tag","embeddable":true,"href":"https:\/\/naszpowiat.info\/index.php\/wp-json\/wp\/v2\/tags?post=3784"}],"curies":[{"name":"wp","href":"https:\/\/api.w.org\/{rel}","templated":true}]}}