{"id":3767,"date":"2022-03-08T16:12:13","date_gmt":"2022-03-08T16:12:13","guid":{"rendered":"https:\/\/naszpowiat.online\/?p=3767"},"modified":"2022-07-27T11:30:27","modified_gmt":"2022-07-27T11:30:27","slug":"bogu-na-chwale-ludziom-na-pozytek-wywiad-z-wiceministrem-i-poslem-piotrem-uscinskim-o-nowej-ustawie-o-osp","status":"publish","type":"post","link":"https:\/\/naszpowiat.info\/index.php\/2022\/03\/08\/bogu-na-chwale-ludziom-na-pozytek-wywiad-z-wiceministrem-i-poslem-piotrem-uscinskim-o-nowej-ustawie-o-osp\/","title":{"rendered":"\u201eBogu na chwa\u0142\u0119, ludziom na po\u017cytek!\u201d \u2013 wywiad z wiceministrem i pos\u0142em Piotrem U\u015bci\u0144skim o nowej ustawie o OSP"},"content":{"rendered":"\n<p><strong>31 grudnia 2021 roku opublikowano ustaw\u0119 o ochotniczych stra\u017cach po\u017carnych. <\/strong><strong>Jej g\u0142\u00f3wnym celem jest uregulowanie i podniesienie statusu prawnego jednostek OSP w jednym akcie prawnym rangi ustawowej. Ponadto, ustawa przyznaje druhom prawo do d\u0142ugo oczekiwanego dodatku emerytalnego, jednolitej legitymacji oraz innych uprawnie\u0144. O tym wszystkim, a tak\u017ce o przyczynach jej powstania rozmawiali\u015bmy z pos\u0142em ziemi wo\u0142omi\u0144skiej, Piotrem U\u015bci\u0144skim<\/strong>.<em><\/em><\/p>\n\n\n\n<p><strong>Dlaczego OSP s\u0105 wa\u017cne dla Pana i dla naszego powiatu?<\/strong><\/p>\n\n\n\n<p>Jako pose\u0142 ziemi wo\u0142omi\u0144skiej staram si\u0119 wspiera\u0107 wszelkie inicjatywy maj\u0105ce na celu popraw\u0119 sytuacji OSP. Stra\u017cacy s\u0105 najbli\u017csi lokalnym sprawom, najbli\u017csi naszych spraw. Po\u017car \u2013 pomagaj\u0105 stra\u017cacy, podtopienia&nbsp; \u2013 pomagaj\u0105 stra\u017cacy, czuwanie przy grobie Zmartwychwsta\u0142ego z okazji \u015bwi\u0105t Wielkiej Nocy \u2013 s\u0105 z nami stra\u017cacy. Przyk\u0142ady mo\u017cna mno\u017cy\u0107. Jedno jest pewne, stra\u017cacy jak nikt inny s\u0105 wpisani w krajobraz naszych wsi i miast, tworz\u0105 tkank\u0119 spo\u0142eczn\u0105 i s\u0105 nieod\u0142\u0105cznym jej elementem.<\/p>\n\n\n\n<p>To r\u00f3wnie\u017c sentyment nie pozwala mi patrze\u0107 na sprawy OSP oboj\u0119tnie. M\u00f3j dziadek by\u0142 stra\u017cakiem, przez lata wsp\u00f3\u0142tworzy\u0142 OSP w D\u0105br\u00f3wce, &nbsp;ja r\u00f3wnie\u017c dzia\u0142am w tej jednostce.&nbsp;<\/p>\n\n\n\n<p><strong>Jaki cel przy\u015bwieca\u0142 rz\u0105dowi w tworzeniu nowej ustawy dotycz\u0105cej naszych druh\u00f3w z OSP?<\/strong><\/p>\n\n\n\n<p>Nowa ustawa o Ochotniczych Stra\u017cach Po\u017carnych to uhonorowanie i wyraz docenienia wieloletniej, ofiarnej s\u0142u\u017cby stra\u017cak\u00f3w ochotnik\u00f3w. Ustawa ma nie tylko wymiar prawny, jest w pewnym sensie uhonorowaniem prac stra\u017cak\u00f3w &#8211; wyrazem uznania. Chcia\u0142bym skorzysta\u0107 z okazji i jeszcze raz podzi\u0119kowa\u0107 za wasz\u0105 s\u0142u\u017cb\u0119.<\/p>\n\n\n\n<p><strong>Rzadko si\u0119 zdarza, \u017ceby za ustaw\u0105 g\u0142osowali w Sejmie wszyscy pos\u0142owie\u2026<\/strong><\/p>\n\n\n\n<p>Zgadza si\u0119. 2 grudnia 2021 roku Sejm uchwali\u0142 Ustaw\u0119 o Ochotniczych Sta\u017cach Po\u017carnych bez g\u0142osu sprzeciwu. G\u0142osowanie zako\u0144czy\u0142o si\u0119 wynikiem: 438 g\u0142os\u00f3w ZA. Nikt nie by\u0142 przeciw. Ponadto, by\u0142y owacje na stoj\u0105co dla obecnych na sali komendant\u00f3w &#8211; Komendanta G\u0142\u00f3wnego PSP nadbryg. Andrzeja Bartkowiaka, nadbryg. Adama Koniecznego, oraz nadbryg. Krzysztofa Hejduka. To by\u0142a bardzo uroczysta chwila w polskim parlamencie.<\/p>\n\n\n\n<p><strong>Jakie s\u0105 najwa\u017cniejsze za\u0142o\u017cenia ustawy?<\/strong><\/p>\n\n\n\n<p>Ustawa reguluje kompleksowo organizacj\u0119 i funkcjonowanie OSP. Najwa\u017cniejsz\u0105 zmian\u0105, kt\u00f3r\u0105 wprowadza ustawa, jest \u015bwiadczenie ratownicze na emeryturze w wysoko\u015bci 200 z\u0142 miesi\u0119cznie dla ka\u017cdego stra\u017caka OSP. Dotyczy to r\u00f3wnie\u017c ratownik\u00f3w g\u00f3rskich, wykonuj\u0105cych dzia\u0142ania ratowniczo ochotnicze. \u015awiadczenie wyp\u0142acane jest z bud\u017cetu po osi\u0105gni\u0119ciu przez m\u0119\u017cczyzn\u0119 65. a przez kobiet\u0119 60. roku \u017cycia. Aby je otrzyma\u0107, nale\u017cy przez co najmniej 25 lat (w przypadku m\u0119\u017cczyzn) oraz przez 20 lat (w przypadku kobiet) bra\u0107 czynny udzia\u0142 w dzia\u0142aniach ratowniczych lub akcjach ratowniczych.<\/p>\n\n\n\n<p><strong>Jak stra\u017cak mo\u017ce si\u0119 ubiega\u0107 o \u015bwiadczenie?<\/strong><\/p>\n\n\n\n<p>Stra\u017cak, kt\u00f3ry spe\u0142nia kryteria, aby otrzyma\u0107 \u015bwiadczenie musi z\u0142o\u017cy\u0107 \u201eWniosek o przyznanie \u015bwiadczenia ratunkowego\u201ddo komendanta powiatowego (miejskiego) PSP \u2013 tj. organu przyznaj\u0105cego, w\u0142a\u015bciwego dla siedziby jednostki OSP, do kt\u00f3rej nale\u017cy stra\u017cak ratownik OSP.<\/p>\n\n\n\n<p>O\u015bwiadczenia podlegaj\u0105 weryfikacji przez w\u0142a\u015bciwego w\u00f3jta, burmistrza lub prezydenta miasta pod wzgl\u0119dem jego wiarygodno\u015bci, a nast\u0119pnie s\u0105 przekazywane do zatwierdzenia w\u0142a\u015bciwemu komendantowi powiatowemu (miejskiemu) Pa\u0144stwowej Stra\u017cy Po\u017carnej. Zgodno\u015b\u0107 wniosku potwierdza jeszcze w\u00f3jt lub burmistrz miasta.<\/p>\n\n\n\n<p><strong>A co w przypadku, kiedy wnioskodawca by\u0142 cz\u0142onkiem w r\u00f3\u017cnych jednostkach OSP?<\/strong><\/p>\n\n\n\n<p>Wtedy wniosek potwierdza w\u00f3jt lub burmistrz \u201eostatni\u201d w\u0142a\u015bciwy dla siedziby OSP, kt\u00f3ry mo\u017ce wyst\u0105pi\u0107 o potwierdzenie do poprzednich w\u00f3jt\u00f3w\/burmistrz\u00f3w. Tak samo w przypadku kiedy stra\u017cak s\u0142u\u017cy\u0142 w kilku jednostkach.<\/p>\n\n\n\n<p><strong>Opr\u00f3cz \u015bwiadczenia dla stra\u017cak\u00f3w co jeszcze wprowadza ustawa? Jak jeszcze rz\u0105d chce uhonorowa\u0107 druh\u00f3w?<\/strong><\/p>\n\n\n\n<p>Poza wymienionymi \u015bwiadczeniami rz\u0105d wprowadza r\u00f3wnie\u017c legitymacj\u0119 stra\u017caka ochotnika, kt\u00f3ra pozwoli na skorzystanie ze zni\u017cek. Szczeg\u00f3lnie zas\u0142u\u017ceniu druhowie OSP b\u0119d\u0105 mogli zosta\u0107 wyr\u00f3\u017cnieni odznaczeniem \u2013 Krzy\u017cem \u015bw. Floriana. B\u0119dzie je nadawa\u0142 Prezydent RP. R\u00f3wnie\u017c b\u0119dzie mo\u017cliwo\u015b\u0107 przyznawania Odznaki \u015awi\u0119tego Floriana ,,Za Zas\u0142ugi dla Spo\u0142eczno\u015bci Lokalnej\u2019\u2019 nadawane przez Ministra Spraw Wewn\u0119trznych i Administracji. Jestem pewien, \u017ce nasi stra\u017cacy b\u0119d\u0105 mieli na swoim koncie niejedno takie wyr\u00f3\u017cnienie.<\/p>\n\n\n\n<p><strong>OSP to s\u0142u\u017cba, w kt\u00f3rej stra\u017cacy nara\u017caj\u0105 swoje \u017cycie. Dzia\u0142ania ratownicze s\u0105 niekiedy bardzo niebezpieczne. Czy w tym wymiarze ustawa wprowadza dodatkow\u0105 pomoc dla poszkodowanych?<\/strong><strong><\/strong><\/p>\n\n\n\n<p>Nie tylko dla poszkodowanych, ale i dla rodzin poszkodowanego druha. Stra\u017cakom i im rodzinom b\u0119d\u0105 przys\u0142ugiwa\u0107 odszkodowania w sytuacji doznania uszczerbku na zdrowiu, \u015bmierci stra\u017caka, czy te\u017c poniesienia szkody w mieniu ze wzgl\u0119du na udzia\u0142 w dzia\u0142aniach ratowniczych. Stra\u017cak ratownik OSP b\u0119dzie m\u00f3g\u0142 ubiega\u0107 si\u0119 o rekompensat\u0119 pieni\u0119\u017cn\u0105 w okre\u015blonych przypadkach.<\/p>\n\n\n\n<p><strong>Ciekawym zapisem ustawy jest r\u00f3wnie\u017c dopuszczenie stra\u017cak\u00f3w ratownik\u00f3w OSP po uko\u0144czeniu 65. roku \u017cycia do dalszej s\u0142u\u017cby\u2026<\/strong><\/p>\n\n\n\n<p>Do\u015bwiadczeni druhowie s\u0105 cennym \u017ar\u00f3d\u0142em wiedzy dla m\u0142odszych koleg\u00f3w. Po wielu latach wsp\u00f3lnej pracy \u015brodowisko OSP jest z\u017cyte ze sob\u0105 i ch\u0119tnie kontynuuje zawi\u0105zane relacje po\u015br\u00f3d swojej lokalnej spo\u0142eczno\u015bci. Maj\u0105c na wzgl\u0119dzie, \u017ce po 65. roku \u017cycie nasi stra\u017cacy nie powinni ju\u017c nara\u017ca\u0107 zdrowia w akcjach ratowniczych, mog\u0105 pe\u0142ni\u0107 funkcj\u0119 kierowcy. Warunkiem jest oczywi\u015bcie posiadanie przez druha aktualnych bada\u0144 lekarskich.<\/p>\n\n\n\n<p>Na koniec warto nadmieni\u0107, \u017ce w ramach ustawy zosta\u0142a przygotowania r\u00f3wnie\u017c dla OSP mo\u017cliwo\u015b\u0107 rozliczania dostaw energii elektrycznej wed\u0142ug najkorzystniejszej taryfy.<\/p>\n\n\n\n<p><strong>Dzi\u0119kuj\u0119 za rozmow\u0119.<\/strong><\/p>\n\n\n\n<p>Dzi\u0119kuj\u0119.<\/p>\n<div class=\"naszp-po-tresci\" id=\"naszp-3519968224\"><script async src=\"\/\/pagead2.googlesyndication.com\/pagead\/js\/adsbygoogle.js?client=ca-pub-5304901113955943\" crossorigin=\"anonymous\"><\/script><ins class=\"adsbygoogle\" style=\"display:block;\" data-ad-client=\"ca-pub-5304901113955943\" \ndata-ad-slot=\"9226873542\" \ndata-ad-format=\"auto\"><\/ins>\n<script> \n(adsbygoogle = window.adsbygoogle || []).push({}); \n<\/script>\n<\/div>","protected":false},"excerpt":{"rendered":"<p>31 grudnia 2021 roku opublikowano ustaw\u0119 o ochotniczych stra\u017cach po\u017carnych. Jej g\u0142\u00f3wnym celem jest uregulowanie i podniesienie statusu prawnego jednostek OSP w jednym akcie prawnym rangi ustawowej. Ponadto, ustawa przyznaje druhom prawo do d\u0142ugo oczekiwanego dodatku emerytalnego, jednolitej legitymacji oraz innych uprawnie\u0144. O tym wszystkim, a tak\u017ce o przyczynach jej<span class=\"more-link\"><a href=\"https:\/\/naszpowiat.info\/index.php\/2022\/03\/08\/bogu-na-chwale-ludziom-na-pozytek-wywiad-z-wiceministrem-i-poslem-piotrem-uscinskim-o-nowej-ustawie-o-osp\/\">Czytaj dalej<\/a><\/span><\/p>\n","protected":false},"author":9,"featured_media":3768,"comment_status":"open","ping_status":"open","sticky":false,"template":"","format":"standard","meta":{"_monsterinsights_skip_tracking":false,"_monsterinsights_sitenote_active":false,"_monsterinsights_sitenote_note":"","_monsterinsights_sitenote_category":0,"footnotes":""},"categories":[123,72,81,88,89,98,114,40,31,43,51,54,58,62,65],"tags":[],"class_list":["entry","author-admin","post-3767","post","type-post","status-publish","format-standard","has-post-thumbnail","category-aktualnosci","category-dabrowka","category-jadow","category-klembow","category-kobylka","category-marki","category-poswietne","category-wolominski","category-powiaty-mazowieckiego","category-radzymin","category-strachowka","category-tluszcz","category-wolomin-wolominski","category-zabki-wolominski","category-zielonka-wolominski"],"aioseo_notices":[],"_links":{"self":[{"href":"https:\/\/naszpowiat.info\/index.php\/wp-json\/wp\/v2\/posts\/3767","targetHints":{"allow":["GET"]}}],"collection":[{"href":"https:\/\/naszpowiat.info\/index.php\/wp-json\/wp\/v2\/posts"}],"about":[{"href":"https:\/\/naszpowiat.info\/index.php\/wp-json\/wp\/v2\/types\/post"}],"author":[{"embeddable":true,"href":"https:\/\/naszpowiat.info\/index.php\/wp-json\/wp\/v2\/users\/9"}],"replies":[{"embeddable":true,"href":"https:\/\/naszpowiat.info\/index.php\/wp-json\/wp\/v2\/comments?post=3767"}],"version-history":[{"count":1,"href":"https:\/\/naszpowiat.info\/index.php\/wp-json\/wp\/v2\/posts\/3767\/revisions"}],"predecessor-version":[{"id":4445,"href":"https:\/\/naszpowiat.info\/index.php\/wp-json\/wp\/v2\/posts\/3767\/revisions\/4445"}],"wp:featuredmedia":[{"embeddable":true,"href":"https:\/\/naszpowiat.info\/index.php\/wp-json\/wp\/v2\/media\/3768"}],"wp:attachment":[{"href":"https:\/\/naszpowiat.info\/index.php\/wp-json\/wp\/v2\/media?parent=3767"}],"wp:term":[{"taxonomy":"category","embeddable":true,"href":"https:\/\/naszpowiat.info\/index.php\/wp-json\/wp\/v2\/categories?post=3767"},{"taxonomy":"post_tag","embeddable":true,"href":"https:\/\/naszpowiat.info\/index.php\/wp-json\/wp\/v2\/tags?post=3767"}],"curies":[{"name":"wp","href":"https:\/\/api.w.org\/{rel}","templated":true}]}}