{"id":10336,"date":"2026-09-05T08:13:15","date_gmt":"2026-09-05T08:13:15","guid":{"rendered":"https:\/\/naszpowiat.info\/?p=10336"},"modified":"2026-09-05T08:16:17","modified_gmt":"2026-09-05T08:16:17","slug":"centrowy-rozwoj-plus-z-przeciwnikiem-aborcji-i-bylym-analitykiem-ordo-iuris-uscinski-jedynym-zdrajca-podwarszawskiego-pis","status":"publish","type":"post","link":"https:\/\/naszpowiat.info\/index.php\/2026\/09\/05\/centrowy-rozwoj-plus-z-przeciwnikiem-aborcji-i-bylym-analitykiem-ordo-iuris-uscinski-jedynym-zdrajca-podwarszawskiego-pis\/","title":{"rendered":"\u201eCentrowy\u201d Rozw\u00f3j Plus z przeciwnikiem aborcji i by\u0142ym analitykiem Ordo Iuris. U\u015bci\u0144ski jedynym zdrajc\u0105 podwarszawskiego PiS"},"content":{"rendered":"\n<p class=\"wp-block-paragraph\">Mateusz Morawiecki przedstawia Rozw\u00f3j Plus jako nowoczesn\u0105, umiarkowan\u0105 i centrow\u0105 alternatyw\u0119 na prawicy. Dob\u00f3r ludzi do nowego klubu ka\u017ce jednak postawi\u0107 pytanie: ile w tej opowie\u015bci rzeczywistego centrum, a ile wy\u0142\u0105cznie politycznego marketingu?<\/p>\n\n\n\n<p class=\"wp-block-paragraph\">Do \u015brodowiska by\u0142ego premiera do\u0142\u0105czy\u0142 Piotr U\u015bci\u0144ski \u2013 pose\u0142 wybrany w podwarszawskim okr\u0119gu nr 20, obejmuj\u0105cym m.in. powiaty wo\u0142omi\u0144ski, legionowski, pruszkowski, piaseczy\u0144ski i otwocki. U\u015bci\u0144ski otwarcie og\u0142osi\u0142, \u017ce przechodzi do Rozwoju Plus, poniewa\u017c chce powrotu Polski na \u201etory rozwoju\u201d z czas\u00f3w rz\u0105du Morawieckiego. <a href=\"https:\/\/wydarzenia.interia.pl\/kraj\/news-posel-pis-dolacza-do-stowarzyszenia-morawieckiego-wymowny-wp,nId,23521232\">Do\u0142\u0105czenie U\u015bci\u0144skiego potwierdzi\u0142y og\u00f3lnopolskie media<\/a>.<\/p>\n\n\n\n<p class=\"wp-block-paragraph\">W rzeczywisto\u015bci oznacza to jednak polityczne opuszczenie Jaros\u0142awa Kaczy\u0144skiego w chwili najpowa\u017cniejszego kryzysu partii. Spo\u015br\u00f3d czworga pos\u0142\u00f3w wybranych z listy PiS w podwarszawskim \u201eobwarzanku\u201d \u2013 Mariusza B\u0142aszczaka, Anity Czerwi\u0144skiej, Dominiki Chorosi\u0144skiej i Piotra U\u015bci\u0144skiego \u2013 tylko ten ostatni znalaz\u0142 si\u0119 w klubie Rozw\u00f3j Plus. Pozostali dochowali politycznej lojalno\u015bci dotychczasowej partii.<\/p>\n\n\n\n<p class=\"wp-block-paragraph\"><strong>U\u015bci\u0144ski jest wi\u0119c jedynym podwarszawskim parlamentarzyst\u0105 PiS, kt\u00f3ry wybra\u0142 roz\u0142am. Jedynym, kt\u00f3ry zdradzi\u0142 polityczne \u015brodowisko Jaros\u0142awa Kaczy\u0144skiego i przeszed\u0142 na stron\u0119 Morawieckiego.<\/strong><\/p>\n\n\n\n<h2 class=\"wp-block-heading\">Tak wygl\u0105da polityczne \u201ecentrum\u201d Morawieckiego?<\/h2>\n\n\n\n<p class=\"wp-block-paragraph\">U\u015bci\u0144ski od lat nale\u017cy do najbardziej konserwatywnych polityk\u00f3w w sprawach \u015bwiatopogl\u0105dowych. By\u0142 wsp\u00f3\u0142autorem wniosku do Trybuna\u0142u Konstytucyjnego dotycz\u0105cego zakazu aborcji ze wzgl\u0119du na ci\u0119\u017ckie i nieodwracalne wady p\u0142odu. Publicznie opowiada\u0142 si\u0119 za ochron\u0105 \u017cycia od pocz\u0119cia oraz daleko id\u0105cym ograniczeniem dost\u0119pu do pornografii, kt\u00f3r\u0105 okre\u015bla\u0142 jako zagro\u017cenie dla zdrowia publicznego. <a href=\"https:\/\/oko.press\/to-oni-chca-calkowitego-zakazu-aborcji-publikujemy-nazwiska-poslow-ktorzy-poparli-wniosek-do-tk\">U\u015bci\u0144ski by\u0142 jednym z autor\u00f3w wniosku dotycz\u0105cego aborcji<\/a>, a w 2018 roku uczestniczy\u0142 w inicjatywie parlamentarzyst\u00f3w postuluj\u0105cych zdecydowan\u0105 walk\u0119 z pornografi\u0105. <a href=\"https:\/\/wiadomosci.wp.pl\/poslowie-pis-chca-zakazu-porno-uzaleznia-jak-narkotyki-6259526037866113a\">Opisywa\u0142a j\u0105 Wirtualna Polska<\/a>.<\/p>\n\n\n\n<p class=\"wp-block-paragraph\">W \u015bcis\u0142ym otoczeniu Morawieckiego znajduje si\u0119 r\u00f3wnie\u017c Pawe\u0142 Jab\u0142o\u0144ski, kt\u00f3ry przed wej\u015bciem do administracji pa\u0144stwowej by\u0142 analitykiem Instytutu na rzecz Kultury Prawnej Ordo Iuris \u2013 organizacji jednoznacznie kojarzonej z konserwatywn\u0105 agend\u0105 prawn\u0105 i \u015bwiatopogl\u0105dow\u0105.<\/p>\n\n\n\n<p class=\"wp-block-paragraph\">Nie chodzi o ocen\u0119 samych pogl\u0105d\u00f3w U\u015bci\u0144skiego czy Jab\u0142o\u0144skiego. Obaj maj\u0105 prawo je g\u0142osi\u0107. Chodzi o wiarygodno\u015b\u0107 narracji Morawieckiego.<\/p>\n\n\n\n<p class=\"wp-block-paragraph\">Je\u017celi Rozw\u00f3j Plus ma by\u0107 centrowym ugrupowaniem adresowanym do umiarkowanych wyborc\u00f3w, to dlaczego jego kadrowymi filarami zostaj\u0105 politycy kojarzeni z najbardziej konserwatywnymi postulatami? Czy \u201ecentrum\u201d Morawieckiego nie jest przypadkiem jedynie nowym szyldem dla ludzi dobrze znanych z dotychczasowej polityki PiS?<\/p>\n\n\n\n<h2 class=\"wp-block-heading\">Podwarszawskie struktury wytrzyma\u0142y<\/h2>\n\n\n\n<p class=\"wp-block-paragraph\">Przej\u015bcie U\u015bci\u0144skiego jest strat\u0105 dla PiS, ale zarazem pokazuje odporno\u015b\u0107 podwarszawskich struktur partii. Morawiecki pozyska\u0142 tylko jednego parlamentarzyst\u0119 z okr\u0119gu nr 20. Nie poszli za nim Mariusz B\u0142aszczak, Anita Czerwi\u0144ska ani Dominika Chorosi\u0144ska.<\/p>\n\n\n\n<p class=\"wp-block-paragraph\">W podwarszawskim PiS dosz\u0142o wi\u0119c do pojedynczej zdrady, a nie masowego buntu.<\/p>\n\n\n\n<p class=\"wp-block-paragraph\">Piotr U\u015bci\u0144ski wybra\u0142 polityczny projekt by\u0142ego premiera i b\u0119dzie musia\u0142 wyt\u0142umaczy\u0107 swoim wyborcom, dlaczego mandat zdobyty z listy Prawa i Sprawiedliwo\u015bci wykorzystuje dzi\u015b do budowania konkurencji dla partii Jaros\u0142awa Kaczy\u0144skiego.<\/p>\n\n\n\n<p class=\"wp-block-paragraph\">Morawiecki natomiast powinien odpowiedzie\u0107, co dok\u0142adnie rozumie przez polityczne centrum. Bo je\u015bli jego twarzami maj\u0105 by\u0107 zdecydowany przeciwnik aborcji, zwolennik radykalnego ograniczania pornografii i by\u0142y analityk Ordo Iuris, to \u201ecentrowy Rozw\u00f3j Plus\u201d coraz bardziej przypomina has\u0142o reklamowe, a nie rzeczywisty program.<\/p>\n<div class=\"naszp-po-tresci\" id=\"naszp-2473203359\"><script async src=\"\/\/pagead2.googlesyndication.com\/pagead\/js\/adsbygoogle.js?client=ca-pub-5304901113955943\" crossorigin=\"anonymous\"><\/script><ins class=\"adsbygoogle\" style=\"display:block;\" data-ad-client=\"ca-pub-5304901113955943\" \ndata-ad-slot=\"9226873542\" \ndata-ad-format=\"auto\"><\/ins>\n<script> \n(adsbygoogle = window.adsbygoogle || []).push({}); \n<\/script>\n<\/div>","protected":false},"excerpt":{"rendered":"<p>Mateusz Morawiecki przedstawia Rozw\u00f3j Plus jako nowoczesn\u0105, umiarkowan\u0105 i centrow\u0105 alternatyw\u0119 na prawicy. Dob\u00f3r ludzi do nowego klubu ka\u017ce jednak postawi\u0107 pytanie: ile w tej opowie\u015bci rzeczywistego centrum, a ile wy\u0142\u0105cznie politycznego marketingu? Do \u015brodowiska by\u0142ego premiera do\u0142\u0105czy\u0142 Piotr U\u015bci\u0144ski \u2013 pose\u0142 wybrany w podwarszawskim okr\u0119gu nr 20, obejmuj\u0105cym m.in.<span class=\"more-link\"><a href=\"https:\/\/naszpowiat.info\/index.php\/2026\/09\/05\/centrowy-rozwoj-plus-z-przeciwnikiem-aborcji-i-bylym-analitykiem-ordo-iuris-uscinski-jedynym-zdrajca-podwarszawskiego-pis\/\">Czytaj dalej<\/a><\/span><\/p>\n","protected":false},"author":9,"featured_media":10337,"comment_status":"closed","ping_status":"closed","sticky":false,"template":"","format":"standard","meta":{"_monsterinsights_skip_tracking":false,"footnotes":""},"categories":[123,28,187,1],"tags":[125,309],"class_list":["entry","author-admin","post-10336","post","type-post","status-publish","format-standard","has-post-thumbnail","category-aktualnosci","category-dla-mieszkanca","category-samorzad","category-uncategorized","tag-powiat-wolominski","tag-samorzad"],"aioseo_notices":[],"_links":{"self":[{"href":"https:\/\/naszpowiat.info\/index.php\/wp-json\/wp\/v2\/posts\/10336","targetHints":{"allow":["GET"]}}],"collection":[{"href":"https:\/\/naszpowiat.info\/index.php\/wp-json\/wp\/v2\/posts"}],"about":[{"href":"https:\/\/naszpowiat.info\/index.php\/wp-json\/wp\/v2\/types\/post"}],"author":[{"embeddable":true,"href":"https:\/\/naszpowiat.info\/index.php\/wp-json\/wp\/v2\/users\/9"}],"replies":[{"embeddable":true,"href":"https:\/\/naszpowiat.info\/index.php\/wp-json\/wp\/v2\/comments?post=10336"}],"version-history":[{"count":1,"href":"https:\/\/naszpowiat.info\/index.php\/wp-json\/wp\/v2\/posts\/10336\/revisions"}],"predecessor-version":[{"id":10338,"href":"https:\/\/naszpowiat.info\/index.php\/wp-json\/wp\/v2\/posts\/10336\/revisions\/10338"}],"wp:featuredmedia":[{"embeddable":true,"href":"https:\/\/naszpowiat.info\/index.php\/wp-json\/wp\/v2\/media\/10337"}],"wp:attachment":[{"href":"https:\/\/naszpowiat.info\/index.php\/wp-json\/wp\/v2\/media?parent=10336"}],"wp:term":[{"taxonomy":"category","embeddable":true,"href":"https:\/\/naszpowiat.info\/index.php\/wp-json\/wp\/v2\/categories?post=10336"},{"taxonomy":"post_tag","embeddable":true,"href":"https:\/\/naszpowiat.info\/index.php\/wp-json\/wp\/v2\/tags?post=10336"}],"curies":[{"name":"wp","href":"https:\/\/api.w.org\/{rel}","templated":true}]}}