{"id":10333,"date":"2026-09-03T19:16:47","date_gmt":"2026-09-03T19:16:47","guid":{"rendered":"https:\/\/naszpowiat.info\/?p=10333"},"modified":"2026-09-03T19:19:20","modified_gmt":"2026-09-03T19:19:20","slug":"garwolin-pamieta-o-bohaterach-uczczono-87-rocznice-wybuchu-ii-wojny-swiatowej","status":"publish","type":"post","link":"https:\/\/naszpowiat.info\/index.php\/2026\/09\/03\/garwolin-pamieta-o-bohaterach-uczczono-87-rocznice-wybuchu-ii-wojny-swiatowej\/","title":{"rendered":"Garwolin pami\u0119ta o bohaterach. Uczczono 87. rocznic\u0119 wybuchu II wojny \u015bwiatowej"},"content":{"rendered":"\n<p class=\"wp-block-paragraph\">Na Cmentarzu Wojennym w Garwolinie odby\u0142y si\u0119 uroczysto\u015bci upami\u0119tniaj\u0105ce 87. rocznic\u0119 wybuchu II wojny \u015bwiatowej. Przedstawiciele w\u0142adz, kombatanci, s\u0142u\u017cby mundurowe, m\u0142odzie\u017c oraz mieszka\u0144cy powiatu oddali ho\u0142d wszystkim, kt\u00f3rzy walczyli i zgin\u0119li za woln\u0105 Polsk\u0119.<\/p>\n\n\n\n<p class=\"wp-block-paragraph\">1 wrze\u015bnia 1939 roku napa\u015bci\u0105 Niemiec na Polsk\u0119 rozpocz\u0105\u0142 si\u0119 najwi\u0119kszy i najtragiczniejszy konflikt zbrojny w historii \u015bwiata. W rocznic\u0119 tych wydarze\u0144 uczestnicy garwoli\u0144skich obchod\u00f3w zgromadzili si\u0119, aby wsp\u00f3lnie uczci\u0107 pami\u0119\u0107 ofiar wojny oraz bohater\u00f3w walcz\u0105cych w obronie Ojczyzny.<\/p>\n\n\n\n<p class=\"wp-block-paragraph\">W uroczysto\u015bci uczestniczyli m.in. starosta powiatu garwoli\u0144skiego Iwona Kurowska, wicestarosta Miros\u0142aw Walicki, pose\u0142 na Sejm RP Grzegorz Wo\u017aniak, kombatanci, samorz\u0105dowcy, przedstawiciele s\u0142u\u017cb mundurowych, uczniowie klas mundurowych, m\u0142odzie\u017c szkolna oraz mieszka\u0144cy powiatu.<\/p>\n\n\n\n<p class=\"wp-block-paragraph\">\u2013 1 wrze\u015bnia 1939 roku rozpocz\u0119\u0142a si\u0119 hekatomba, trauma i niewyobra\u017calne cierpienie milion\u00f3w Polak\u00f3w. II wojna \u015bwiatowa na zawsze naznaczy\u0142a nasz\u0105 Ojczyzn\u0119. Musimy pami\u0119ta\u0107 o tym, co si\u0119 wydarzy\u0142o. Pami\u0119ta\u0107! \u2013 m\u00f3wi\u0142a starosta Iwona Kurowska.<\/p>\n\n\n\n<p class=\"wp-block-paragraph\">Podczas obchod\u00f3w podkre\u015blano, \u017ce pami\u0119\u0107 o ofiarach i bohaterach wrze\u015bnia 1939 roku jest wsp\u00f3lnym obowi\u0105zkiem kolejnych pokole\u0144. To nie tylko przypominanie o tragicznej przesz\u0142o\u015bci, lecz tak\u017ce zobowi\u0105zanie do troski o wolno\u015b\u0107, bezpiecze\u0144stwo i pok\u00f3j.<\/p>\n\n\n\n<p class=\"wp-block-paragraph\">Modlitw\u0119 w intencji poleg\u0142ych i pomordowanych poprowadzi\u0142 ks. Kamil Fr\u0105czek, wikariusz Kolegiaty Przemienienia Pa\u0144skiego w Garwolinie. Nast\u0119pnie odby\u0142 si\u0119 Apel Pami\u0119ci, przywo\u0142uj\u0105cy tych, kt\u00f3rzy oddali \u017cycie w obronie Polski.<\/p>\n\n\n\n<p class=\"wp-block-paragraph\">Na zako\u0144czenie delegacje z\u0142o\u017cy\u0142y kwiaty i zapali\u0142y znicze. W ten spos\u00f3b uczestnicy uroczysto\u015bci oddali ho\u0142d \u017co\u0142nierzom, ludno\u015bci cywilnej oraz wszystkim osobom, kt\u00f3re zgin\u0119\u0142y lub do\u015bwiadczy\u0142y prze\u015bladowa\u0144 podczas II wojny \u015bwiatowej.<\/p>\n\n\n\n<p class=\"wp-block-paragraph\">Garwoli\u0144skie obchody by\u0142y wyrazem wdzi\u0119czno\u015bci wobec pokolenia, kt\u00f3re zap\u0142aci\u0142o najwy\u017csz\u0105 cen\u0119 za wolno\u015b\u0107 Ojczyzny, oraz przypomnieniem, \u017ce pami\u0119\u0107 historyczna pozostaje fundamentem narodowej wsp\u00f3lnoty.<\/p>\n\n\n\n<p class=\"wp-block-paragraph\"><strong>Cze\u015b\u0107 i chwa\u0142a Bohaterom! Wieczna pami\u0119\u0107 Poleg\u0142ym!<\/strong><\/p>\n\n\n\n<p class=\"wp-block-paragraph\"><\/p>\n<div class=\"naszp-po-tresci\" id=\"naszp-1029863206\"><script async src=\"\/\/pagead2.googlesyndication.com\/pagead\/js\/adsbygoogle.js?client=ca-pub-5304901113955943\" crossorigin=\"anonymous\"><\/script><ins class=\"adsbygoogle\" style=\"display:block;\" data-ad-client=\"ca-pub-5304901113955943\" \ndata-ad-slot=\"9226873542\" \ndata-ad-format=\"auto\"><\/ins>\n<script> \n(adsbygoogle = window.adsbygoogle || []).push({}); \n<\/script>\n<\/div>","protected":false},"excerpt":{"rendered":"<p>Na Cmentarzu Wojennym w Garwolinie odby\u0142y si\u0119 uroczysto\u015bci upami\u0119tniaj\u0105ce 87. rocznic\u0119 wybuchu II wojny \u015bwiatowej. Przedstawiciele w\u0142adz, kombatanci, s\u0142u\u017cby mundurowe, m\u0142odzie\u017c oraz mieszka\u0144cy powiatu oddali ho\u0142d wszystkim, kt\u00f3rzy walczyli i zgin\u0119li za woln\u0105 Polsk\u0119. 1 wrze\u015bnia 1939 roku napa\u015bci\u0105 Niemiec na Polsk\u0119 rozpocz\u0105\u0142 si\u0119 najwi\u0119kszy i najtragiczniejszy konflikt zbrojny w<span class=\"more-link\"><a href=\"https:\/\/naszpowiat.info\/index.php\/2026\/09\/03\/garwolin-pamieta-o-bohaterach-uczczono-87-rocznice-wybuchu-ii-wojny-swiatowej\/\">Czytaj dalej<\/a><\/span><\/p>\n","protected":false},"author":9,"featured_media":10334,"comment_status":"closed","ping_status":"closed","sticky":false,"template":"","format":"standard","meta":{"_monsterinsights_skip_tracking":false,"footnotes":""},"categories":[123,78,30,209,1,59],"tags":[227,207,309,290],"class_list":["entry","author-admin","post-10333","post","type-post","status-publish","format-standard","has-post-thumbnail","category-aktualnosci","category-historia","category-kultura","category-powiat-garwolinski","category-uncategorized","category-wydarzenia","tag-garwolin","tag-kultura","tag-samorzad","tag-wydarzenia"],"aioseo_notices":[],"_links":{"self":[{"href":"https:\/\/naszpowiat.info\/index.php\/wp-json\/wp\/v2\/posts\/10333","targetHints":{"allow":["GET"]}}],"collection":[{"href":"https:\/\/naszpowiat.info\/index.php\/wp-json\/wp\/v2\/posts"}],"about":[{"href":"https:\/\/naszpowiat.info\/index.php\/wp-json\/wp\/v2\/types\/post"}],"author":[{"embeddable":true,"href":"https:\/\/naszpowiat.info\/index.php\/wp-json\/wp\/v2\/users\/9"}],"replies":[{"embeddable":true,"href":"https:\/\/naszpowiat.info\/index.php\/wp-json\/wp\/v2\/comments?post=10333"}],"version-history":[{"count":1,"href":"https:\/\/naszpowiat.info\/index.php\/wp-json\/wp\/v2\/posts\/10333\/revisions"}],"predecessor-version":[{"id":10335,"href":"https:\/\/naszpowiat.info\/index.php\/wp-json\/wp\/v2\/posts\/10333\/revisions\/10335"}],"wp:featuredmedia":[{"embeddable":true,"href":"https:\/\/naszpowiat.info\/index.php\/wp-json\/wp\/v2\/media\/10334"}],"wp:attachment":[{"href":"https:\/\/naszpowiat.info\/index.php\/wp-json\/wp\/v2\/media?parent=10333"}],"wp:term":[{"taxonomy":"category","embeddable":true,"href":"https:\/\/naszpowiat.info\/index.php\/wp-json\/wp\/v2\/categories?post=10333"},{"taxonomy":"post_tag","embeddable":true,"href":"https:\/\/naszpowiat.info\/index.php\/wp-json\/wp\/v2\/tags?post=10333"}],"curies":[{"name":"wp","href":"https:\/\/api.w.org\/{rel}","templated":true}]}}